{"id":7254,"date":"2021-06-03T17:04:18","date_gmt":"2021-06-03T15:04:18","guid":{"rendered":"https:\/\/www.johanneswildner.com\/?p=7254"},"modified":"2021-06-03T17:04:18","modified_gmt":"2021-06-03T15:04:18","slug":"concerts-the-sonderjyllands-symfoniorkester-hosts-johannes-wildner-nora-sourouzian-and-christoph-filler","status":"publish","type":"post","link":"https:\/\/www.johanneswildner.com\/en\/concerts-the-sonderjyllands-symfoniorkester-hosts-johannes-wildner-nora-sourouzian-and-christoph-filler\/","title":{"rendered":"Concerts: The S\u00f8nderjyllands Symfoniorkester hosts Johannes Wildner, Nora Sourouzian and Christoph Filler"},"content":{"rendered":"<section class=\"l-section wpb_row height_medium\"><div class=\"l-section-h i-cf\"><div class=\"g-cols vc_row via_flex valign_top type_default stacking_default\"><div class=\"vc_col-sm-12 wpb_column vc_column_container\"><div class=\"vc_column-inner\"><div class=\"wpb_wrapper\"><div class=\"wpb_text_column\"><div class=\"wpb_wrapper\"><p align=\"left\">After some recording sessions with the Vienna Johann Strauss Orchester,\u00a0<a href=\"https:\/\/www.estherschollum.at\/en\/artists\/johannes-wildner\/\" target=\"_blank\" rel=\"noopener noreferrer\"><strong>Johannes Wildner<\/strong><\/a>\u00a0returns to \u201chis\u201d\u00a0<a href=\"https:\/\/sdjsymfoni.dk\/\" target=\"_blank\" rel=\"noopener noreferrer\">S\u00f8nderjyllands Symfoniorkester<\/a>; the first of the two concerts is centred on Anton\u00edn Dvo\u0159\u00e1k\u2019s\u00a0<a href=\"https:\/\/sdjsymfoni.dk\/concert\/dvoraks-stabat-mater\/\" target=\"_blank\" rel=\"noopener noreferrer\">\u201cStabat Mater\u201d<\/a>, and for the second, soprano\u00a0<strong>Magdalena Anna Hofmann<\/strong>, mezzosoprano\u00a0<a href=\"https:\/\/www.estherschollum.at\/en\/artists\/nora-sourouzian\/\" target=\"_blank\" rel=\"noopener noreferrer\"><strong>Nora Sourouzian<\/strong><\/a>, and baritone\u00a0<a href=\"https:\/\/www.estherschollum.at\/en\/artists\/christoph-filler\/\" target=\"_blank\" rel=\"noopener noreferrer\"><strong>Christoph Filler<\/strong><\/a>\u00a0join him for a varied programme with works by\u00a0<a href=\"https:\/\/sdjsymfoni.dk\/concert\/mahlerognielsen\/\" target=\"_blank\" rel=\"noopener noreferrer\">Sch\u00f6nberg, Mahler, Wagner, and Nielsen<\/a>.<\/p>\n<p align=\"left\"><a href=\"https:\/\/sdjsymfoni.dk\/concert\/dvoraks-stabat-mater\/\" target=\"_blank\" rel=\"noopener noreferrer\">S\u00f8nderjyllands Symfoniorkester<\/a><br \/>\nAnton\u00edn Dvo\u0159\u00e1k : Stabat Mater<br \/>\n<a href=\"https:\/\/www.estherschollum.at\/en\/artists\/johannes-wildner\/\" target=\"_blank\" rel=\"noopener noreferrer\">Johannes Wildner<\/a>: conductor<br \/>\n<strong>May 20th 8 pm<\/strong><\/p>\n<p align=\"left\"><a href=\"https:\/\/sdjsymfoni.dk\/concert\/mahlerognielsen\/\" target=\"_blank\" rel=\"noopener noreferrer\">S\u00f8nderjyllands Symfoniorkester<\/a><br \/>\nArnold Sch\u00f6nberg: \u201cLied der Waldtaube\u201d (\u201cGurrelieder\u201d )<br \/>\nGustav Mahler: \u201cLieder eines fahrenden Gesellen\u201d<br \/>\nRichard Wagner: \u201cVorspiel und Liebestod\u201d (\u201cTristan und Isolde\u201d)<br \/>\nCarl Nielsen: Symphony No. 3 \u201cSinfonia Espansiva\u201d<br \/>\n<a href=\"https:\/\/www.estherschollum.at\/en\/artists\/johannes-wildner\/\" target=\"_blank\" rel=\"noopener noreferrer\">Johannes Wildner<\/a>: conductor<br \/>\nMagdalena Anna Hofmann, soprano<br \/>\n<a href=\"https:\/\/www.estherschollum.at\/en\/artists\/nora-sourouzian\/\" target=\"_blank\" rel=\"noopener noreferrer\">Nora Sourouzian<\/a>, mezzosoprano<br \/>\n<a href=\"https:\/\/www.estherschollum.at\/en\/artists\/christoph-filler\/\" target=\"_blank\" rel=\"noopener noreferrer\">Christoph Filler<\/a>, baritone<br \/>\n<strong>May 27th 8 pm<\/strong><\/p>\n<\/div><\/div><\/div><\/div><\/div><\/div><\/div><\/section>\n","protected":false},"excerpt":{"rendered":"After some recording sessions with the Vienna Johann Strauss Orchester,\u00a0Johannes Wildner\u00a0returns to \u201chis\u201d\u00a0S\u00f8nderjyllands Symfoniorkester; the first of the two concerts is centred on Anton\u00edn Dvo\u0159\u00e1k\u2019s\u00a0\u201cStabat Mater\u201d, and for the second, soprano\u00a0Magdalena Anna Hofmann, mezzosoprano\u00a0Nora Sourouzian, and baritone\u00a0Christoph Filler\u00a0join him for a varied programme with works by\u00a0Sch\u00f6nberg, Mahler, Wagner, and Nielsen. S\u00f8nderjyllands Symfoniorkester Anton\u00edn Dvo\u0159\u00e1k :...","protected":false},"author":3,"featured_media":6952,"comment_status":"open","ping_status":"open","sticky":false,"template":"","format":"standard","meta":{"footnotes":""},"categories":[15],"tags":[],"class_list":["post-7254","post","type-post","status-publish","format-standard","has-post-thumbnail","hentry","category-uncategorized"],"yoast_head":"<!-- This site is optimized with the Yoast SEO plugin v27.4 - https:\/\/yoast.com\/product\/yoast-seo-wordpress\/ -->\n<title>Concerts: The S\u00f8nderjyllands Symfoniorkester hosts Johannes Wildner, Nora Sourouzian and Christoph Filler - Johannes Wildner - Conductor<\/title>\n<meta name=\"robots\" content=\"index, follow, max-snippet:-1, max-image-preview:large, max-video-preview:-1\" \/>\n<link rel=\"canonical\" href=\"https:\/\/www.johanneswildner.com\/en\/concerts-the-sonderjyllands-symfoniorkester-hosts-johannes-wildner-nora-sourouzian-and-christoph-filler\/\" \/>\n<meta property=\"og:locale\" content=\"en_US\" \/>\n<meta property=\"og:type\" content=\"article\" \/>\n<meta property=\"og:title\" content=\"Concerts: The S\u00f8nderjyllands Symfoniorkester hosts Johannes Wildner, Nora Sourouzian and Christoph Filler - Johannes Wildner - Conductor\" \/>\n<meta property=\"og:url\" content=\"https:\/\/www.johanneswildner.com\/en\/concerts-the-sonderjyllands-symfoniorkester-hosts-johannes-wildner-nora-sourouzian-and-christoph-filler\/\" \/>\n<meta property=\"og:site_name\" content=\"Johannes Wildner - Conductor\" \/>\n<meta property=\"article:published_time\" content=\"2021-06-03T15:04:18+00:00\" \/>\n<meta property=\"og:image\" content=\"https:\/\/www.johanneswildner.com\/wp-content\/uploads\/2019\/05\/Johannes-Wildner_0612.jpg\" \/>\n\t<meta property=\"og:image:width\" content=\"1400\" \/>\n\t<meta property=\"og:image:height\" content=\"813\" \/>\n\t<meta property=\"og:image:type\" content=\"image\/jpeg\" \/>\n<meta name=\"author\" content=\"Esther Schollum\" \/>\n<meta name=\"twitter:card\" content=\"summary_large_image\" \/>\n<meta name=\"twitter:label1\" content=\"Written by\" \/>\n\t<meta name=\"twitter:data1\" content=\"Esther Schollum\" \/>\n\t<meta name=\"twitter:label2\" content=\"Est. reading time\" \/>\n\t<meta name=\"twitter:data2\" content=\"1 minute\" \/>\n<script type=\"application\/ld+json\" class=\"yoast-schema-graph\">{\"@context\":\"https:\\\/\\\/schema.org\",\"@graph\":[{\"@type\":\"Article\",\"@id\":\"https:\\\/\\\/www.johanneswildner.com\\\/en\\\/concerts-the-sonderjyllands-symfoniorkester-hosts-johannes-wildner-nora-sourouzian-and-christoph-filler\\\/#article\",\"isPartOf\":{\"@id\":\"https:\\\/\\\/www.johanneswildner.com\\\/en\\\/concerts-the-sonderjyllands-symfoniorkester-hosts-johannes-wildner-nora-sourouzian-and-christoph-filler\\\/\"},\"author\":{\"name\":\"Esther Schollum\",\"@id\":\"https:\\\/\\\/www.johanneswildner.com\\\/#\\\/schema\\\/person\\\/6b213e6e3d5b0e81bbb44150175c126e\"},\"headline\":\"Concerts: The S\u00f8nderjyllands Symfoniorkester hosts Johannes Wildner, Nora Sourouzian and Christoph Filler\",\"datePublished\":\"2021-06-03T15:04:18+00:00\",\"mainEntityOfPage\":{\"@id\":\"https:\\\/\\\/www.johanneswildner.com\\\/en\\\/concerts-the-sonderjyllands-symfoniorkester-hosts-johannes-wildner-nora-sourouzian-and-christoph-filler\\\/\"},\"wordCount\":152,\"commentCount\":0,\"image\":{\"@id\":\"https:\\\/\\\/www.johanneswildner.com\\\/en\\\/concerts-the-sonderjyllands-symfoniorkester-hosts-johannes-wildner-nora-sourouzian-and-christoph-filler\\\/#primaryimage\"},\"thumbnailUrl\":\"https:\\\/\\\/www.johanneswildner.com\\\/wp-content\\\/uploads\\\/2019\\\/05\\\/Johannes-Wildner_0612.jpg\",\"inLanguage\":\"en-US\",\"potentialAction\":[{\"@type\":\"CommentAction\",\"name\":\"Comment\",\"target\":[\"https:\\\/\\\/www.johanneswildner.com\\\/en\\\/concerts-the-sonderjyllands-symfoniorkester-hosts-johannes-wildner-nora-sourouzian-and-christoph-filler\\\/#respond\"]}]},{\"@type\":\"WebPage\",\"@id\":\"https:\\\/\\\/www.johanneswildner.com\\\/en\\\/concerts-the-sonderjyllands-symfoniorkester-hosts-johannes-wildner-nora-sourouzian-and-christoph-filler\\\/\",\"url\":\"https:\\\/\\\/www.johanneswildner.com\\\/en\\\/concerts-the-sonderjyllands-symfoniorkester-hosts-johannes-wildner-nora-sourouzian-and-christoph-filler\\\/\",\"name\":\"Concerts: The S\u00f8nderjyllands Symfoniorkester hosts Johannes Wildner, Nora Sourouzian and Christoph Filler - Johannes Wildner - Conductor\",\"isPartOf\":{\"@id\":\"https:\\\/\\\/www.johanneswildner.com\\\/#website\"},\"primaryImageOfPage\":{\"@id\":\"https:\\\/\\\/www.johanneswildner.com\\\/en\\\/concerts-the-sonderjyllands-symfoniorkester-hosts-johannes-wildner-nora-sourouzian-and-christoph-filler\\\/#primaryimage\"},\"image\":{\"@id\":\"https:\\\/\\\/www.johanneswildner.com\\\/en\\\/concerts-the-sonderjyllands-symfoniorkester-hosts-johannes-wildner-nora-sourouzian-and-christoph-filler\\\/#primaryimage\"},\"thumbnailUrl\":\"https:\\\/\\\/www.johanneswildner.com\\\/wp-content\\\/uploads\\\/2019\\\/05\\\/Johannes-Wildner_0612.jpg\",\"datePublished\":\"2021-06-03T15:04:18+00:00\",\"author\":{\"@id\":\"https:\\\/\\\/www.johanneswildner.com\\\/#\\\/schema\\\/person\\\/6b213e6e3d5b0e81bbb44150175c126e\"},\"breadcrumb\":{\"@id\":\"https:\\\/\\\/www.johanneswildner.com\\\/en\\\/concerts-the-sonderjyllands-symfoniorkester-hosts-johannes-wildner-nora-sourouzian-and-christoph-filler\\\/#breadcrumb\"},\"inLanguage\":\"en-US\",\"potentialAction\":[{\"@type\":\"ReadAction\",\"target\":[\"https:\\\/\\\/www.johanneswildner.com\\\/en\\\/concerts-the-sonderjyllands-symfoniorkester-hosts-johannes-wildner-nora-sourouzian-and-christoph-filler\\\/\"]}]},{\"@type\":\"ImageObject\",\"inLanguage\":\"en-US\",\"@id\":\"https:\\\/\\\/www.johanneswildner.com\\\/en\\\/concerts-the-sonderjyllands-symfoniorkester-hosts-johannes-wildner-nora-sourouzian-and-christoph-filler\\\/#primaryimage\",\"url\":\"https:\\\/\\\/www.johanneswildner.com\\\/wp-content\\\/uploads\\\/2019\\\/05\\\/Johannes-Wildner_0612.jpg\",\"contentUrl\":\"https:\\\/\\\/www.johanneswildner.com\\\/wp-content\\\/uploads\\\/2019\\\/05\\\/Johannes-Wildner_0612.jpg\",\"width\":1400,\"height\":813,\"caption\":\"Photo: Lukas Beck\"},{\"@type\":\"BreadcrumbList\",\"@id\":\"https:\\\/\\\/www.johanneswildner.com\\\/en\\\/concerts-the-sonderjyllands-symfoniorkester-hosts-johannes-wildner-nora-sourouzian-and-christoph-filler\\\/#breadcrumb\",\"itemListElement\":[{\"@type\":\"ListItem\",\"position\":1,\"name\":\"Startseite\",\"item\":\"https:\\\/\\\/www.johanneswildner.com\\\/en\\\/\"},{\"@type\":\"ListItem\",\"position\":2,\"name\":\"Concerts: The S\u00f8nderjyllands Symfoniorkester hosts Johannes Wildner, Nora Sourouzian and Christoph Filler\"}]},{\"@type\":\"WebSite\",\"@id\":\"https:\\\/\\\/www.johanneswildner.com\\\/#website\",\"url\":\"https:\\\/\\\/www.johanneswildner.com\\\/\",\"name\":\"Johannes Wildner - Conductor\",\"description\":\"\",\"potentialAction\":[{\"@type\":\"SearchAction\",\"target\":{\"@type\":\"EntryPoint\",\"urlTemplate\":\"https:\\\/\\\/www.johanneswildner.com\\\/?s={search_term_string}\"},\"query-input\":{\"@type\":\"PropertyValueSpecification\",\"valueRequired\":true,\"valueName\":\"search_term_string\"}}],\"inLanguage\":\"en-US\"},{\"@type\":\"Person\",\"@id\":\"https:\\\/\\\/www.johanneswildner.com\\\/#\\\/schema\\\/person\\\/6b213e6e3d5b0e81bbb44150175c126e\",\"name\":\"Esther Schollum\",\"image\":{\"@type\":\"ImageObject\",\"inLanguage\":\"en-US\",\"@id\":\"https:\\\/\\\/secure.gravatar.com\\\/avatar\\\/b028f1007b3cf8423c5262ce7a23a36fae66ca72fe44c65aaf9e572b185e6ae1?s=96&d=mm&r=g\",\"url\":\"https:\\\/\\\/secure.gravatar.com\\\/avatar\\\/b028f1007b3cf8423c5262ce7a23a36fae66ca72fe44c65aaf9e572b185e6ae1?s=96&d=mm&r=g\",\"contentUrl\":\"https:\\\/\\\/secure.gravatar.com\\\/avatar\\\/b028f1007b3cf8423c5262ce7a23a36fae66ca72fe44c65aaf9e572b185e6ae1?s=96&d=mm&r=g\",\"caption\":\"Esther Schollum\"},\"url\":\"https:\\\/\\\/www.johanneswildner.com\\\/en\\\/author\\\/e_schollum\\\/\"}]}<\/script>\n<!-- \/ Yoast SEO plugin. -->","yoast_head_json":{"title":"Concerts: The S\u00f8nderjyllands Symfoniorkester hosts Johannes Wildner, Nora Sourouzian and Christoph Filler - Johannes Wildner - Conductor","robots":{"index":"index","follow":"follow","max-snippet":"max-snippet:-1","max-image-preview":"max-image-preview:large","max-video-preview":"max-video-preview:-1"},"canonical":"https:\/\/www.johanneswildner.com\/en\/concerts-the-sonderjyllands-symfoniorkester-hosts-johannes-wildner-nora-sourouzian-and-christoph-filler\/","og_locale":"en_US","og_type":"article","og_title":"Concerts: The S\u00f8nderjyllands Symfoniorkester hosts Johannes Wildner, Nora Sourouzian and Christoph Filler - Johannes Wildner - Conductor","og_url":"https:\/\/www.johanneswildner.com\/en\/concerts-the-sonderjyllands-symfoniorkester-hosts-johannes-wildner-nora-sourouzian-and-christoph-filler\/","og_site_name":"Johannes Wildner - Conductor","article_published_time":"2021-06-03T15:04:18+00:00","og_image":[{"width":1400,"height":813,"url":"https:\/\/www.johanneswildner.com\/wp-content\/uploads\/2019\/05\/Johannes-Wildner_0612.jpg","type":"image\/jpeg"}],"author":"Esther Schollum","twitter_card":"summary_large_image","twitter_misc":{"Written by":"Esther Schollum","Est. reading time":"1 minute"},"schema":{"@context":"https:\/\/schema.org","@graph":[{"@type":"Article","@id":"https:\/\/www.johanneswildner.com\/en\/concerts-the-sonderjyllands-symfoniorkester-hosts-johannes-wildner-nora-sourouzian-and-christoph-filler\/#article","isPartOf":{"@id":"https:\/\/www.johanneswildner.com\/en\/concerts-the-sonderjyllands-symfoniorkester-hosts-johannes-wildner-nora-sourouzian-and-christoph-filler\/"},"author":{"name":"Esther Schollum","@id":"https:\/\/www.johanneswildner.com\/#\/schema\/person\/6b213e6e3d5b0e81bbb44150175c126e"},"headline":"Concerts: The S\u00f8nderjyllands Symfoniorkester hosts Johannes Wildner, Nora Sourouzian and Christoph Filler","datePublished":"2021-06-03T15:04:18+00:00","mainEntityOfPage":{"@id":"https:\/\/www.johanneswildner.com\/en\/concerts-the-sonderjyllands-symfoniorkester-hosts-johannes-wildner-nora-sourouzian-and-christoph-filler\/"},"wordCount":152,"commentCount":0,"image":{"@id":"https:\/\/www.johanneswildner.com\/en\/concerts-the-sonderjyllands-symfoniorkester-hosts-johannes-wildner-nora-sourouzian-and-christoph-filler\/#primaryimage"},"thumbnailUrl":"https:\/\/www.johanneswildner.com\/wp-content\/uploads\/2019\/05\/Johannes-Wildner_0612.jpg","inLanguage":"en-US","potentialAction":[{"@type":"CommentAction","name":"Comment","target":["https:\/\/www.johanneswildner.com\/en\/concerts-the-sonderjyllands-symfoniorkester-hosts-johannes-wildner-nora-sourouzian-and-christoph-filler\/#respond"]}]},{"@type":"WebPage","@id":"https:\/\/www.johanneswildner.com\/en\/concerts-the-sonderjyllands-symfoniorkester-hosts-johannes-wildner-nora-sourouzian-and-christoph-filler\/","url":"https:\/\/www.johanneswildner.com\/en\/concerts-the-sonderjyllands-symfoniorkester-hosts-johannes-wildner-nora-sourouzian-and-christoph-filler\/","name":"Concerts: The S\u00f8nderjyllands Symfoniorkester hosts Johannes Wildner, Nora Sourouzian and Christoph Filler - Johannes Wildner - Conductor","isPartOf":{"@id":"https:\/\/www.johanneswildner.com\/#website"},"primaryImageOfPage":{"@id":"https:\/\/www.johanneswildner.com\/en\/concerts-the-sonderjyllands-symfoniorkester-hosts-johannes-wildner-nora-sourouzian-and-christoph-filler\/#primaryimage"},"image":{"@id":"https:\/\/www.johanneswildner.com\/en\/concerts-the-sonderjyllands-symfoniorkester-hosts-johannes-wildner-nora-sourouzian-and-christoph-filler\/#primaryimage"},"thumbnailUrl":"https:\/\/www.johanneswildner.com\/wp-content\/uploads\/2019\/05\/Johannes-Wildner_0612.jpg","datePublished":"2021-06-03T15:04:18+00:00","author":{"@id":"https:\/\/www.johanneswildner.com\/#\/schema\/person\/6b213e6e3d5b0e81bbb44150175c126e"},"breadcrumb":{"@id":"https:\/\/www.johanneswildner.com\/en\/concerts-the-sonderjyllands-symfoniorkester-hosts-johannes-wildner-nora-sourouzian-and-christoph-filler\/#breadcrumb"},"inLanguage":"en-US","potentialAction":[{"@type":"ReadAction","target":["https:\/\/www.johanneswildner.com\/en\/concerts-the-sonderjyllands-symfoniorkester-hosts-johannes-wildner-nora-sourouzian-and-christoph-filler\/"]}]},{"@type":"ImageObject","inLanguage":"en-US","@id":"https:\/\/www.johanneswildner.com\/en\/concerts-the-sonderjyllands-symfoniorkester-hosts-johannes-wildner-nora-sourouzian-and-christoph-filler\/#primaryimage","url":"https:\/\/www.johanneswildner.com\/wp-content\/uploads\/2019\/05\/Johannes-Wildner_0612.jpg","contentUrl":"https:\/\/www.johanneswildner.com\/wp-content\/uploads\/2019\/05\/Johannes-Wildner_0612.jpg","width":1400,"height":813,"caption":"Photo: Lukas Beck"},{"@type":"BreadcrumbList","@id":"https:\/\/www.johanneswildner.com\/en\/concerts-the-sonderjyllands-symfoniorkester-hosts-johannes-wildner-nora-sourouzian-and-christoph-filler\/#breadcrumb","itemListElement":[{"@type":"ListItem","position":1,"name":"Startseite","item":"https:\/\/www.johanneswildner.com\/en\/"},{"@type":"ListItem","position":2,"name":"Concerts: The S\u00f8nderjyllands Symfoniorkester hosts Johannes Wildner, Nora Sourouzian and Christoph Filler"}]},{"@type":"WebSite","@id":"https:\/\/www.johanneswildner.com\/#website","url":"https:\/\/www.johanneswildner.com\/","name":"Johannes Wildner - Conductor","description":"","potentialAction":[{"@type":"SearchAction","target":{"@type":"EntryPoint","urlTemplate":"https:\/\/www.johanneswildner.com\/?s={search_term_string}"},"query-input":{"@type":"PropertyValueSpecification","valueRequired":true,"valueName":"search_term_string"}}],"inLanguage":"en-US"},{"@type":"Person","@id":"https:\/\/www.johanneswildner.com\/#\/schema\/person\/6b213e6e3d5b0e81bbb44150175c126e","name":"Esther Schollum","image":{"@type":"ImageObject","inLanguage":"en-US","@id":"https:\/\/secure.gravatar.com\/avatar\/b028f1007b3cf8423c5262ce7a23a36fae66ca72fe44c65aaf9e572b185e6ae1?s=96&d=mm&r=g","url":"https:\/\/secure.gravatar.com\/avatar\/b028f1007b3cf8423c5262ce7a23a36fae66ca72fe44c65aaf9e572b185e6ae1?s=96&d=mm&r=g","contentUrl":"https:\/\/secure.gravatar.com\/avatar\/b028f1007b3cf8423c5262ce7a23a36fae66ca72fe44c65aaf9e572b185e6ae1?s=96&d=mm&r=g","caption":"Esther Schollum"},"url":"https:\/\/www.johanneswildner.com\/en\/author\/e_schollum\/"}]}},"_links":{"self":[{"href":"https:\/\/www.johanneswildner.com\/en\/wp-json\/wp\/v2\/posts\/7254","targetHints":{"allow":["GET"]}}],"collection":[{"href":"https:\/\/www.johanneswildner.com\/en\/wp-json\/wp\/v2\/posts"}],"about":[{"href":"https:\/\/www.johanneswildner.com\/en\/wp-json\/wp\/v2\/types\/post"}],"author":[{"embeddable":true,"href":"https:\/\/www.johanneswildner.com\/en\/wp-json\/wp\/v2\/users\/3"}],"replies":[{"embeddable":true,"href":"https:\/\/www.johanneswildner.com\/en\/wp-json\/wp\/v2\/comments?post=7254"}],"version-history":[{"count":1,"href":"https:\/\/www.johanneswildner.com\/en\/wp-json\/wp\/v2\/posts\/7254\/revisions"}],"predecessor-version":[{"id":7255,"href":"https:\/\/www.johanneswildner.com\/en\/wp-json\/wp\/v2\/posts\/7254\/revisions\/7255"}],"wp:featuredmedia":[{"embeddable":true,"href":"https:\/\/www.johanneswildner.com\/en\/wp-json\/wp\/v2\/media\/6952"}],"wp:attachment":[{"href":"https:\/\/www.johanneswildner.com\/en\/wp-json\/wp\/v2\/media?parent=7254"}],"wp:term":[{"taxonomy":"category","embeddable":true,"href":"https:\/\/www.johanneswildner.com\/en\/wp-json\/wp\/v2\/categories?post=7254"},{"taxonomy":"post_tag","embeddable":true,"href":"https:\/\/www.johanneswildner.com\/en\/wp-json\/wp\/v2\/tags?post=7254"}],"curies":[{"name":"wp","href":"https:\/\/api.w.org\/{rel}","templated":true}]}}