{"id":7279,"date":"2021-09-13T00:11:38","date_gmt":"2021-09-12T22:11:38","guid":{"rendered":"https:\/\/www.johanneswildner.com\/?p=7279"},"modified":"2021-09-13T00:13:50","modified_gmt":"2021-09-12T22:13:50","slug":"season-opener-johannes-wildner-in-sonderborg","status":"publish","type":"post","link":"https:\/\/www.johanneswildner.com\/en\/season-opener-johannes-wildner-in-sonderborg\/","title":{"rendered":"Season opener: Johannes Wildner in S\u00f8nderborg"},"content":{"rendered":"<p align=\"left\">After two open-air concerts this August,\u00a0<a href=\"https:\/\/www.estherschollum.at\/en\/artists\/johannes-wildner\/\" target=\"_blank\" rel=\"noopener noreferrer\"><strong>Johannes Wildner<\/strong><\/a>\u00a0inaugurates his third season as Principal Conductor of the\u00a0<a href=\"https:\/\/sdjsymfoni.dk\/concert\/saesonaabning\/\" target=\"_blank\" rel=\"noopener noreferrer\">S\u00f8nderjyllands Symphony Orchestra<\/a>\u00a0with a heavily\u00a0<a href=\"https:\/\/sdjsymfoni.dk\/concert\/saesonaabning\/\" target=\"_blank\" rel=\"noopener noreferrer\">Danish programme<\/a>.<\/p>\n<p align=\"left\">The concert kicks off with Friedrich Kuhlau\u2019s Overture from the incidental music to \u201cElverh\u00f8j\u201d (\u201cThe Elvish Hill\u201d), that incorporates numerous Danish and Swedish folk tunes. Also part of this overture is the Danish royal anthem \u201cKong Christian stod ved h\u00f8jen mast\u201d; Kuhlau first published its melody more than two hundred years ago, in 1817.<\/p>\n<p align=\"left\">Mihaela Oprea then plays the solo violin part in Niels Gade\u2019s concerto for violin op. 56; Gade\u2019s influence can be clearly heard in Grieg\u2019s early works, by the way. The concert closes with Carl Nielsen\u2019s 4th Symphony, written in 1916, in the midst of the Great War.<\/p>\n<p align=\"left\">Two weeks later,\u00a0<a href=\"https:\/\/www.estherschollum.at\/en\/artists\/johannes-wildner\/\" target=\"_blank\" rel=\"noopener noreferrer\"><strong>Johannes Wildner<\/strong><\/a>\u00a0and his orchestra play two more concerts, these with works by Samuel Barber and Richard Strauss as well as Anton\u00edn Dvo\u0159\u00e1k\u2019s 7th Symphony, in Flensburg and Haderslev.<\/p>\n<p align=\"left\"><a href=\"https:\/\/sdjsymfoni.dk\/concert\/saesonaabning\/\" target=\"_blank\" rel=\"noopener noreferrer\">S\u00f8nderjyllands Symfoniorkester<\/a><br \/>\nConductor:\u00a0<a href=\"https:\/\/www.estherschollum.at\/artists\/johannes-wildner\/\" target=\"_blank\" rel=\"noopener noreferrer\">Johannes Wildner<\/a><br \/>\nProgramme:<br \/>\nFriedrich Kuhlau: \u201cElverh\u00f8j\u201d overture<br \/>\nNiels Gade: Concerto for violin op. 56 (Mihaela Oprea, Violine)<br \/>\nCarl Nielsen: Symphony No. 4, \u201cThe Inextinguishable\u201d<br \/>\n<strong>September 10th<\/strong>\u00a0\u2013 Alsion, Sonderborg<\/p>\n<p align=\"left\"><a href=\"https:\/\/sdjsymfoni.dk\/concert\/strauss-obokoncert-1\/\" target=\"_blank\" rel=\"noopener noreferrer\">S\u00f8nderjyllands Symfoniorkester<\/a><br \/>\nConductor:\u00a0<a href=\"https:\/\/www.estherschollum.at\/artists\/johannes-wildner\/\" target=\"_blank\" rel=\"noopener noreferrer\">Johannes Wildner<\/a><br \/>\nProgramme:<br \/>\nSamuel Barber: Essay No. 2, Op. 17<br \/>\nRichard Strauss: Oboe concert<br \/>\nAnton\u00edn Dvo\u0159\u00e1k: Symphony No. 7, Op. 70<br \/>\n<strong>September 23rd<\/strong>\u00a0\u2013 Flensburg<br \/>\n<strong>September 24th<\/strong>\u00a0\u2013 Haderslev<\/p>\n<p align=\"center\">\u2042<\/p>\n","protected":false},"excerpt":{"rendered":"<p>After two open-air concerts this August,\u00a0Johannes Wildner\u00a0inaugurates his third season as Principal Conductor of the\u00a0S\u00f8nderjyllands Symphony Orchestra\u00a0with a heavily\u00a0Danish programme. The concert kicks off with Friedrich Kuhlau\u2019s Overture from the incidental music to \u201cElverh\u00f8j\u201d (\u201cThe Elvish Hill\u201d), that incorporates numerous Danish and Swedish folk tunes. Also part of this overture is the Danish royal anthem&#8230;<\/p>\n","protected":false},"author":3,"featured_media":6952,"comment_status":"open","ping_status":"open","sticky":false,"template":"","format":"standard","meta":{"footnotes":""},"categories":[15],"tags":[],"class_list":["post-7279","post","type-post","status-publish","format-standard","has-post-thumbnail","hentry","category-uncategorized"],"yoast_head":"<!-- This site is optimized with the Yoast SEO plugin v27.4 - https:\/\/yoast.com\/product\/yoast-seo-wordpress\/ -->\n<title>Season opener: Johannes Wildner in S\u00f8nderborg - Johannes Wildner - Conductor<\/title>\n<meta name=\"robots\" content=\"index, follow, max-snippet:-1, max-image-preview:large, max-video-preview:-1\" \/>\n<link rel=\"canonical\" href=\"https:\/\/www.johanneswildner.com\/en\/season-opener-johannes-wildner-in-sonderborg\/\" \/>\n<meta property=\"og:locale\" content=\"en_US\" \/>\n<meta property=\"og:type\" content=\"article\" \/>\n<meta property=\"og:title\" content=\"Season opener: Johannes Wildner in S\u00f8nderborg - Johannes Wildner - Conductor\" \/>\n<meta property=\"og:description\" content=\"After two open-air concerts this August,\u00a0Johannes Wildner\u00a0inaugurates his third season as Principal Conductor of the\u00a0S\u00f8nderjyllands Symphony Orchestra\u00a0with a heavily\u00a0Danish programme. The concert kicks off with Friedrich Kuhlau\u2019s Overture from the incidental music to \u201cElverh\u00f8j\u201d (\u201cThe Elvish Hill\u201d), that incorporates numerous Danish and Swedish folk tunes. Also part of this overture is the Danish royal anthem...\" \/>\n<meta property=\"og:url\" content=\"https:\/\/www.johanneswildner.com\/en\/season-opener-johannes-wildner-in-sonderborg\/\" \/>\n<meta property=\"og:site_name\" content=\"Johannes Wildner - Conductor\" \/>\n<meta property=\"article:published_time\" content=\"2021-09-12T22:11:38+00:00\" \/>\n<meta property=\"article:modified_time\" content=\"2021-09-12T22:13:50+00:00\" \/>\n<meta property=\"og:image\" content=\"https:\/\/www.johanneswildner.com\/wp-content\/uploads\/2019\/05\/Johannes-Wildner_0612.jpg\" \/>\n\t<meta property=\"og:image:width\" content=\"1400\" \/>\n\t<meta property=\"og:image:height\" content=\"813\" \/>\n\t<meta property=\"og:image:type\" content=\"image\/jpeg\" \/>\n<meta name=\"author\" content=\"Esther Schollum\" \/>\n<meta name=\"twitter:card\" content=\"summary_large_image\" \/>\n<meta name=\"twitter:label1\" content=\"Written by\" \/>\n\t<meta name=\"twitter:data1\" content=\"Esther Schollum\" \/>\n\t<meta name=\"twitter:label2\" content=\"Est. reading time\" \/>\n\t<meta name=\"twitter:data2\" content=\"1 minute\" \/>\n<script type=\"application\/ld+json\" class=\"yoast-schema-graph\">{\"@context\":\"https:\\\/\\\/schema.org\",\"@graph\":[{\"@type\":\"Article\",\"@id\":\"https:\\\/\\\/www.johanneswildner.com\\\/en\\\/season-opener-johannes-wildner-in-sonderborg\\\/#article\",\"isPartOf\":{\"@id\":\"https:\\\/\\\/www.johanneswildner.com\\\/en\\\/season-opener-johannes-wildner-in-sonderborg\\\/\"},\"author\":{\"name\":\"Esther Schollum\",\"@id\":\"https:\\\/\\\/www.johanneswildner.com\\\/#\\\/schema\\\/person\\\/6b213e6e3d5b0e81bbb44150175c126e\"},\"headline\":\"Season opener: Johannes Wildner in S\u00f8nderborg\",\"datePublished\":\"2021-09-12T22:11:38+00:00\",\"dateModified\":\"2021-09-12T22:13:50+00:00\",\"mainEntityOfPage\":{\"@id\":\"https:\\\/\\\/www.johanneswildner.com\\\/en\\\/season-opener-johannes-wildner-in-sonderborg\\\/\"},\"wordCount\":233,\"commentCount\":0,\"image\":{\"@id\":\"https:\\\/\\\/www.johanneswildner.com\\\/en\\\/season-opener-johannes-wildner-in-sonderborg\\\/#primaryimage\"},\"thumbnailUrl\":\"https:\\\/\\\/www.johanneswildner.com\\\/wp-content\\\/uploads\\\/2019\\\/05\\\/Johannes-Wildner_0612.jpg\",\"inLanguage\":\"en-US\",\"potentialAction\":[{\"@type\":\"CommentAction\",\"name\":\"Comment\",\"target\":[\"https:\\\/\\\/www.johanneswildner.com\\\/en\\\/season-opener-johannes-wildner-in-sonderborg\\\/#respond\"]}]},{\"@type\":\"WebPage\",\"@id\":\"https:\\\/\\\/www.johanneswildner.com\\\/en\\\/season-opener-johannes-wildner-in-sonderborg\\\/\",\"url\":\"https:\\\/\\\/www.johanneswildner.com\\\/en\\\/season-opener-johannes-wildner-in-sonderborg\\\/\",\"name\":\"Season opener: Johannes Wildner in S\u00f8nderborg - Johannes Wildner - Conductor\",\"isPartOf\":{\"@id\":\"https:\\\/\\\/www.johanneswildner.com\\\/#website\"},\"primaryImageOfPage\":{\"@id\":\"https:\\\/\\\/www.johanneswildner.com\\\/en\\\/season-opener-johannes-wildner-in-sonderborg\\\/#primaryimage\"},\"image\":{\"@id\":\"https:\\\/\\\/www.johanneswildner.com\\\/en\\\/season-opener-johannes-wildner-in-sonderborg\\\/#primaryimage\"},\"thumbnailUrl\":\"https:\\\/\\\/www.johanneswildner.com\\\/wp-content\\\/uploads\\\/2019\\\/05\\\/Johannes-Wildner_0612.jpg\",\"datePublished\":\"2021-09-12T22:11:38+00:00\",\"dateModified\":\"2021-09-12T22:13:50+00:00\",\"author\":{\"@id\":\"https:\\\/\\\/www.johanneswildner.com\\\/#\\\/schema\\\/person\\\/6b213e6e3d5b0e81bbb44150175c126e\"},\"breadcrumb\":{\"@id\":\"https:\\\/\\\/www.johanneswildner.com\\\/en\\\/season-opener-johannes-wildner-in-sonderborg\\\/#breadcrumb\"},\"inLanguage\":\"en-US\",\"potentialAction\":[{\"@type\":\"ReadAction\",\"target\":[\"https:\\\/\\\/www.johanneswildner.com\\\/en\\\/season-opener-johannes-wildner-in-sonderborg\\\/\"]}]},{\"@type\":\"ImageObject\",\"inLanguage\":\"en-US\",\"@id\":\"https:\\\/\\\/www.johanneswildner.com\\\/en\\\/season-opener-johannes-wildner-in-sonderborg\\\/#primaryimage\",\"url\":\"https:\\\/\\\/www.johanneswildner.com\\\/wp-content\\\/uploads\\\/2019\\\/05\\\/Johannes-Wildner_0612.jpg\",\"contentUrl\":\"https:\\\/\\\/www.johanneswildner.com\\\/wp-content\\\/uploads\\\/2019\\\/05\\\/Johannes-Wildner_0612.jpg\",\"width\":1400,\"height\":813,\"caption\":\"Photo: Lukas Beck\"},{\"@type\":\"BreadcrumbList\",\"@id\":\"https:\\\/\\\/www.johanneswildner.com\\\/en\\\/season-opener-johannes-wildner-in-sonderborg\\\/#breadcrumb\",\"itemListElement\":[{\"@type\":\"ListItem\",\"position\":1,\"name\":\"Startseite\",\"item\":\"https:\\\/\\\/www.johanneswildner.com\\\/en\\\/\"},{\"@type\":\"ListItem\",\"position\":2,\"name\":\"Season opener: Johannes Wildner in S\u00f8nderborg\"}]},{\"@type\":\"WebSite\",\"@id\":\"https:\\\/\\\/www.johanneswildner.com\\\/#website\",\"url\":\"https:\\\/\\\/www.johanneswildner.com\\\/\",\"name\":\"Johannes Wildner - Conductor\",\"description\":\"\",\"potentialAction\":[{\"@type\":\"SearchAction\",\"target\":{\"@type\":\"EntryPoint\",\"urlTemplate\":\"https:\\\/\\\/www.johanneswildner.com\\\/?s={search_term_string}\"},\"query-input\":{\"@type\":\"PropertyValueSpecification\",\"valueRequired\":true,\"valueName\":\"search_term_string\"}}],\"inLanguage\":\"en-US\"},{\"@type\":\"Person\",\"@id\":\"https:\\\/\\\/www.johanneswildner.com\\\/#\\\/schema\\\/person\\\/6b213e6e3d5b0e81bbb44150175c126e\",\"name\":\"Esther Schollum\",\"image\":{\"@type\":\"ImageObject\",\"inLanguage\":\"en-US\",\"@id\":\"https:\\\/\\\/secure.gravatar.com\\\/avatar\\\/b028f1007b3cf8423c5262ce7a23a36fae66ca72fe44c65aaf9e572b185e6ae1?s=96&d=mm&r=g\",\"url\":\"https:\\\/\\\/secure.gravatar.com\\\/avatar\\\/b028f1007b3cf8423c5262ce7a23a36fae66ca72fe44c65aaf9e572b185e6ae1?s=96&d=mm&r=g\",\"contentUrl\":\"https:\\\/\\\/secure.gravatar.com\\\/avatar\\\/b028f1007b3cf8423c5262ce7a23a36fae66ca72fe44c65aaf9e572b185e6ae1?s=96&d=mm&r=g\",\"caption\":\"Esther Schollum\"},\"url\":\"https:\\\/\\\/www.johanneswildner.com\\\/en\\\/author\\\/e_schollum\\\/\"}]}<\/script>\n<!-- \/ Yoast SEO plugin. -->","yoast_head_json":{"title":"Season opener: Johannes Wildner in S\u00f8nderborg - Johannes Wildner - Conductor","robots":{"index":"index","follow":"follow","max-snippet":"max-snippet:-1","max-image-preview":"max-image-preview:large","max-video-preview":"max-video-preview:-1"},"canonical":"https:\/\/www.johanneswildner.com\/en\/season-opener-johannes-wildner-in-sonderborg\/","og_locale":"en_US","og_type":"article","og_title":"Season opener: Johannes Wildner in S\u00f8nderborg - Johannes Wildner - Conductor","og_description":"After two open-air concerts this August,\u00a0Johannes Wildner\u00a0inaugurates his third season as Principal Conductor of the\u00a0S\u00f8nderjyllands Symphony Orchestra\u00a0with a heavily\u00a0Danish programme. The concert kicks off with Friedrich Kuhlau\u2019s Overture from the incidental music to \u201cElverh\u00f8j\u201d (\u201cThe Elvish Hill\u201d), that incorporates numerous Danish and Swedish folk tunes. Also part of this overture is the Danish royal anthem...","og_url":"https:\/\/www.johanneswildner.com\/en\/season-opener-johannes-wildner-in-sonderborg\/","og_site_name":"Johannes Wildner - Conductor","article_published_time":"2021-09-12T22:11:38+00:00","article_modified_time":"2021-09-12T22:13:50+00:00","og_image":[{"width":1400,"height":813,"url":"https:\/\/www.johanneswildner.com\/wp-content\/uploads\/2019\/05\/Johannes-Wildner_0612.jpg","type":"image\/jpeg"}],"author":"Esther Schollum","twitter_card":"summary_large_image","twitter_misc":{"Written by":"Esther Schollum","Est. reading time":"1 minute"},"schema":{"@context":"https:\/\/schema.org","@graph":[{"@type":"Article","@id":"https:\/\/www.johanneswildner.com\/en\/season-opener-johannes-wildner-in-sonderborg\/#article","isPartOf":{"@id":"https:\/\/www.johanneswildner.com\/en\/season-opener-johannes-wildner-in-sonderborg\/"},"author":{"name":"Esther Schollum","@id":"https:\/\/www.johanneswildner.com\/#\/schema\/person\/6b213e6e3d5b0e81bbb44150175c126e"},"headline":"Season opener: Johannes Wildner in S\u00f8nderborg","datePublished":"2021-09-12T22:11:38+00:00","dateModified":"2021-09-12T22:13:50+00:00","mainEntityOfPage":{"@id":"https:\/\/www.johanneswildner.com\/en\/season-opener-johannes-wildner-in-sonderborg\/"},"wordCount":233,"commentCount":0,"image":{"@id":"https:\/\/www.johanneswildner.com\/en\/season-opener-johannes-wildner-in-sonderborg\/#primaryimage"},"thumbnailUrl":"https:\/\/www.johanneswildner.com\/wp-content\/uploads\/2019\/05\/Johannes-Wildner_0612.jpg","inLanguage":"en-US","potentialAction":[{"@type":"CommentAction","name":"Comment","target":["https:\/\/www.johanneswildner.com\/en\/season-opener-johannes-wildner-in-sonderborg\/#respond"]}]},{"@type":"WebPage","@id":"https:\/\/www.johanneswildner.com\/en\/season-opener-johannes-wildner-in-sonderborg\/","url":"https:\/\/www.johanneswildner.com\/en\/season-opener-johannes-wildner-in-sonderborg\/","name":"Season opener: Johannes Wildner in S\u00f8nderborg - Johannes Wildner - Conductor","isPartOf":{"@id":"https:\/\/www.johanneswildner.com\/#website"},"primaryImageOfPage":{"@id":"https:\/\/www.johanneswildner.com\/en\/season-opener-johannes-wildner-in-sonderborg\/#primaryimage"},"image":{"@id":"https:\/\/www.johanneswildner.com\/en\/season-opener-johannes-wildner-in-sonderborg\/#primaryimage"},"thumbnailUrl":"https:\/\/www.johanneswildner.com\/wp-content\/uploads\/2019\/05\/Johannes-Wildner_0612.jpg","datePublished":"2021-09-12T22:11:38+00:00","dateModified":"2021-09-12T22:13:50+00:00","author":{"@id":"https:\/\/www.johanneswildner.com\/#\/schema\/person\/6b213e6e3d5b0e81bbb44150175c126e"},"breadcrumb":{"@id":"https:\/\/www.johanneswildner.com\/en\/season-opener-johannes-wildner-in-sonderborg\/#breadcrumb"},"inLanguage":"en-US","potentialAction":[{"@type":"ReadAction","target":["https:\/\/www.johanneswildner.com\/en\/season-opener-johannes-wildner-in-sonderborg\/"]}]},{"@type":"ImageObject","inLanguage":"en-US","@id":"https:\/\/www.johanneswildner.com\/en\/season-opener-johannes-wildner-in-sonderborg\/#primaryimage","url":"https:\/\/www.johanneswildner.com\/wp-content\/uploads\/2019\/05\/Johannes-Wildner_0612.jpg","contentUrl":"https:\/\/www.johanneswildner.com\/wp-content\/uploads\/2019\/05\/Johannes-Wildner_0612.jpg","width":1400,"height":813,"caption":"Photo: Lukas Beck"},{"@type":"BreadcrumbList","@id":"https:\/\/www.johanneswildner.com\/en\/season-opener-johannes-wildner-in-sonderborg\/#breadcrumb","itemListElement":[{"@type":"ListItem","position":1,"name":"Startseite","item":"https:\/\/www.johanneswildner.com\/en\/"},{"@type":"ListItem","position":2,"name":"Season opener: Johannes Wildner in S\u00f8nderborg"}]},{"@type":"WebSite","@id":"https:\/\/www.johanneswildner.com\/#website","url":"https:\/\/www.johanneswildner.com\/","name":"Johannes Wildner - Conductor","description":"","potentialAction":[{"@type":"SearchAction","target":{"@type":"EntryPoint","urlTemplate":"https:\/\/www.johanneswildner.com\/?s={search_term_string}"},"query-input":{"@type":"PropertyValueSpecification","valueRequired":true,"valueName":"search_term_string"}}],"inLanguage":"en-US"},{"@type":"Person","@id":"https:\/\/www.johanneswildner.com\/#\/schema\/person\/6b213e6e3d5b0e81bbb44150175c126e","name":"Esther Schollum","image":{"@type":"ImageObject","inLanguage":"en-US","@id":"https:\/\/secure.gravatar.com\/avatar\/b028f1007b3cf8423c5262ce7a23a36fae66ca72fe44c65aaf9e572b185e6ae1?s=96&d=mm&r=g","url":"https:\/\/secure.gravatar.com\/avatar\/b028f1007b3cf8423c5262ce7a23a36fae66ca72fe44c65aaf9e572b185e6ae1?s=96&d=mm&r=g","contentUrl":"https:\/\/secure.gravatar.com\/avatar\/b028f1007b3cf8423c5262ce7a23a36fae66ca72fe44c65aaf9e572b185e6ae1?s=96&d=mm&r=g","caption":"Esther Schollum"},"url":"https:\/\/www.johanneswildner.com\/en\/author\/e_schollum\/"}]}},"_links":{"self":[{"href":"https:\/\/www.johanneswildner.com\/en\/wp-json\/wp\/v2\/posts\/7279","targetHints":{"allow":["GET"]}}],"collection":[{"href":"https:\/\/www.johanneswildner.com\/en\/wp-json\/wp\/v2\/posts"}],"about":[{"href":"https:\/\/www.johanneswildner.com\/en\/wp-json\/wp\/v2\/types\/post"}],"author":[{"embeddable":true,"href":"https:\/\/www.johanneswildner.com\/en\/wp-json\/wp\/v2\/users\/3"}],"replies":[{"embeddable":true,"href":"https:\/\/www.johanneswildner.com\/en\/wp-json\/wp\/v2\/comments?post=7279"}],"version-history":[{"count":2,"href":"https:\/\/www.johanneswildner.com\/en\/wp-json\/wp\/v2\/posts\/7279\/revisions"}],"predecessor-version":[{"id":7281,"href":"https:\/\/www.johanneswildner.com\/en\/wp-json\/wp\/v2\/posts\/7279\/revisions\/7281"}],"wp:featuredmedia":[{"embeddable":true,"href":"https:\/\/www.johanneswildner.com\/en\/wp-json\/wp\/v2\/media\/6952"}],"wp:attachment":[{"href":"https:\/\/www.johanneswildner.com\/en\/wp-json\/wp\/v2\/media?parent=7279"}],"wp:term":[{"taxonomy":"category","embeddable":true,"href":"https:\/\/www.johanneswildner.com\/en\/wp-json\/wp\/v2\/categories?post=7279"},{"taxonomy":"post_tag","embeddable":true,"href":"https:\/\/www.johanneswildner.com\/en\/wp-json\/wp\/v2\/tags?post=7279"}],"curies":[{"name":"wp","href":"https:\/\/api.w.org\/{rel}","templated":true}]}}