{"id":7337,"date":"2022-06-20T18:46:42","date_gmt":"2022-06-20T16:46:42","guid":{"rendered":"https:\/\/www.johanneswildner.com\/?p=7337"},"modified":"2022-06-20T18:49:36","modified_gmt":"2022-06-20T16:49:36","slug":"only-mozart-johannes-wildner-in-sonderborg","status":"publish","type":"post","link":"https:\/\/www.johanneswildner.com\/en\/only-mozart-johannes-wildner-in-sonderborg\/","title":{"rendered":"Only Mozart: Johannes Wildner in S\u00f8nderborg"},"content":{"rendered":"<p align=\"left\"><a href=\"https:\/\/www.estherschollum.at\/artists\/johannes-wildner\/\" target=\"_blank\" rel=\"noopener\"><strong>Johannes Wildner<\/strong><\/a>, Principal Conductor of the\u00a0<a href=\"https:\/\/sdjsymfoni.dk\/concert\/mozarts-klaverkoncert-nr-9-1\/\" target=\"_blank\" rel=\"noopener\">S\u00f8nderjylland Symphony Orchestra<\/a>\u00a0takes his audience from Mozart\u2019s first symphony, via one of his early piano concertos, straight to the \u201cJupiter\u201d symphony, his last. Jasminka Stan\u010dul joins the orchestra as piano soloist.<\/p>\n<p align=\"left\"><a href=\"https:\/\/sdjsymfoni.dk\/concert\/mozarts-klaverkoncert-nr-9-1\/\" target=\"_blank\" rel=\"noopener\"><strong>S\u00f8nderjylland Symphony Orchestra<\/strong><\/a><br \/>\n<a href=\"https:\/\/www.estherschollum.at\/artists\/johannes-wildner\/\" target=\"_blank\" rel=\"noopener\">Johannes Wildner<\/a>: conductor<br \/>\nJasminka Stan\u010dul: piano<br \/>\n<strong>Feb. 24, 25<\/strong><br \/>\nWolfgang Amad\u00e9 Mozart:<br \/>\nSymphony no. 1 E-flat major, KV 16<br \/>\nConcerto for piano and orchestra no. 9 E-flat major, KV 271 (\u201cJeunehomme\u201d)<br \/>\nSymphony no. 41 C major, KV 551 (\u201cJupiter\u201d)<\/p>\n","protected":false},"excerpt":{"rendered":"<p>Johannes Wildner, Principal Conductor of the\u00a0S\u00f8nderjylland Symphony Orchestra\u00a0takes his audience from Mozart\u2019s first symphony, via one of his early piano concertos, straight to the \u201cJupiter\u201d symphony, his last. Jasminka Stan\u010dul joins the orchestra as piano soloist. S\u00f8nderjylland Symphony Orchestra Johannes Wildner: conductor Jasminka Stan\u010dul: piano Feb. 24, 25 Wolfgang Amad\u00e9 Mozart: Symphony no. 1 E-flat&#8230;<\/p>\n","protected":false},"author":3,"featured_media":6952,"comment_status":"closed","ping_status":"closed","sticky":false,"template":"","format":"standard","meta":{"footnotes":""},"categories":[15],"tags":[],"class_list":["post-7337","post","type-post","status-publish","format-standard","has-post-thumbnail","hentry","category-uncategorized"],"yoast_head":"<!-- This site is optimized with the Yoast SEO plugin v27.4 - https:\/\/yoast.com\/product\/yoast-seo-wordpress\/ -->\n<title>Only Mozart: Johannes Wildner in S\u00f8nderborg - Johannes Wildner - Conductor<\/title>\n<meta name=\"robots\" content=\"index, follow, max-snippet:-1, max-image-preview:large, max-video-preview:-1\" \/>\n<link rel=\"canonical\" href=\"https:\/\/www.johanneswildner.com\/en\/only-mozart-johannes-wildner-in-sonderborg\/\" \/>\n<meta property=\"og:locale\" content=\"en_US\" \/>\n<meta property=\"og:type\" content=\"article\" \/>\n<meta property=\"og:title\" content=\"Only Mozart: Johannes Wildner in S\u00f8nderborg - Johannes Wildner - Conductor\" \/>\n<meta property=\"og:description\" content=\"Johannes Wildner, Principal Conductor of the\u00a0S\u00f8nderjylland Symphony Orchestra\u00a0takes his audience from Mozart\u2019s first symphony, via one of his early piano concertos, straight to the \u201cJupiter\u201d symphony, his last. Jasminka Stan\u010dul joins the orchestra as piano soloist. S\u00f8nderjylland Symphony Orchestra Johannes Wildner: conductor Jasminka Stan\u010dul: piano Feb. 24, 25 Wolfgang Amad\u00e9 Mozart: Symphony no. 1 E-flat...\" \/>\n<meta property=\"og:url\" content=\"https:\/\/www.johanneswildner.com\/en\/only-mozart-johannes-wildner-in-sonderborg\/\" \/>\n<meta property=\"og:site_name\" content=\"Johannes Wildner - Conductor\" \/>\n<meta property=\"article:published_time\" content=\"2022-06-20T16:46:42+00:00\" \/>\n<meta property=\"article:modified_time\" content=\"2022-06-20T16:49:36+00:00\" \/>\n<meta property=\"og:image\" content=\"https:\/\/www.johanneswildner.com\/wp-content\/uploads\/2019\/05\/Johannes-Wildner_0612.jpg\" \/>\n\t<meta property=\"og:image:width\" content=\"1400\" \/>\n\t<meta property=\"og:image:height\" content=\"813\" \/>\n\t<meta property=\"og:image:type\" content=\"image\/jpeg\" \/>\n<meta name=\"author\" content=\"Esther Schollum\" \/>\n<meta name=\"twitter:card\" content=\"summary_large_image\" \/>\n<meta name=\"twitter:label1\" content=\"Written by\" \/>\n\t<meta name=\"twitter:data1\" content=\"Esther Schollum\" \/>\n\t<meta name=\"twitter:label2\" content=\"Est. reading time\" \/>\n\t<meta name=\"twitter:data2\" content=\"1 minute\" \/>\n<script type=\"application\/ld+json\" class=\"yoast-schema-graph\">{\"@context\":\"https:\\\/\\\/schema.org\",\"@graph\":[{\"@type\":\"Article\",\"@id\":\"https:\\\/\\\/www.johanneswildner.com\\\/en\\\/only-mozart-johannes-wildner-in-sonderborg\\\/#article\",\"isPartOf\":{\"@id\":\"https:\\\/\\\/www.johanneswildner.com\\\/en\\\/only-mozart-johannes-wildner-in-sonderborg\\\/\"},\"author\":{\"name\":\"Esther Schollum\",\"@id\":\"https:\\\/\\\/www.johanneswildner.com\\\/#\\\/schema\\\/person\\\/6b213e6e3d5b0e81bbb44150175c126e\"},\"headline\":\"Only Mozart: Johannes Wildner in S\u00f8nderborg\",\"datePublished\":\"2022-06-20T16:46:42+00:00\",\"dateModified\":\"2022-06-20T16:49:36+00:00\",\"mainEntityOfPage\":{\"@id\":\"https:\\\/\\\/www.johanneswildner.com\\\/en\\\/only-mozart-johannes-wildner-in-sonderborg\\\/\"},\"wordCount\":84,\"image\":{\"@id\":\"https:\\\/\\\/www.johanneswildner.com\\\/en\\\/only-mozart-johannes-wildner-in-sonderborg\\\/#primaryimage\"},\"thumbnailUrl\":\"https:\\\/\\\/www.johanneswildner.com\\\/wp-content\\\/uploads\\\/2019\\\/05\\\/Johannes-Wildner_0612.jpg\",\"inLanguage\":\"en-US\"},{\"@type\":\"WebPage\",\"@id\":\"https:\\\/\\\/www.johanneswildner.com\\\/en\\\/only-mozart-johannes-wildner-in-sonderborg\\\/\",\"url\":\"https:\\\/\\\/www.johanneswildner.com\\\/en\\\/only-mozart-johannes-wildner-in-sonderborg\\\/\",\"name\":\"Only Mozart: Johannes Wildner in S\u00f8nderborg - Johannes Wildner - Conductor\",\"isPartOf\":{\"@id\":\"https:\\\/\\\/www.johanneswildner.com\\\/#website\"},\"primaryImageOfPage\":{\"@id\":\"https:\\\/\\\/www.johanneswildner.com\\\/en\\\/only-mozart-johannes-wildner-in-sonderborg\\\/#primaryimage\"},\"image\":{\"@id\":\"https:\\\/\\\/www.johanneswildner.com\\\/en\\\/only-mozart-johannes-wildner-in-sonderborg\\\/#primaryimage\"},\"thumbnailUrl\":\"https:\\\/\\\/www.johanneswildner.com\\\/wp-content\\\/uploads\\\/2019\\\/05\\\/Johannes-Wildner_0612.jpg\",\"datePublished\":\"2022-06-20T16:46:42+00:00\",\"dateModified\":\"2022-06-20T16:49:36+00:00\",\"author\":{\"@id\":\"https:\\\/\\\/www.johanneswildner.com\\\/#\\\/schema\\\/person\\\/6b213e6e3d5b0e81bbb44150175c126e\"},\"breadcrumb\":{\"@id\":\"https:\\\/\\\/www.johanneswildner.com\\\/en\\\/only-mozart-johannes-wildner-in-sonderborg\\\/#breadcrumb\"},\"inLanguage\":\"en-US\",\"potentialAction\":[{\"@type\":\"ReadAction\",\"target\":[\"https:\\\/\\\/www.johanneswildner.com\\\/en\\\/only-mozart-johannes-wildner-in-sonderborg\\\/\"]}]},{\"@type\":\"ImageObject\",\"inLanguage\":\"en-US\",\"@id\":\"https:\\\/\\\/www.johanneswildner.com\\\/en\\\/only-mozart-johannes-wildner-in-sonderborg\\\/#primaryimage\",\"url\":\"https:\\\/\\\/www.johanneswildner.com\\\/wp-content\\\/uploads\\\/2019\\\/05\\\/Johannes-Wildner_0612.jpg\",\"contentUrl\":\"https:\\\/\\\/www.johanneswildner.com\\\/wp-content\\\/uploads\\\/2019\\\/05\\\/Johannes-Wildner_0612.jpg\",\"width\":1400,\"height\":813,\"caption\":\"Photo: Lukas Beck\"},{\"@type\":\"BreadcrumbList\",\"@id\":\"https:\\\/\\\/www.johanneswildner.com\\\/en\\\/only-mozart-johannes-wildner-in-sonderborg\\\/#breadcrumb\",\"itemListElement\":[{\"@type\":\"ListItem\",\"position\":1,\"name\":\"Startseite\",\"item\":\"https:\\\/\\\/www.johanneswildner.com\\\/en\\\/\"},{\"@type\":\"ListItem\",\"position\":2,\"name\":\"Only Mozart: Johannes Wildner in S\u00f8nderborg\"}]},{\"@type\":\"WebSite\",\"@id\":\"https:\\\/\\\/www.johanneswildner.com\\\/#website\",\"url\":\"https:\\\/\\\/www.johanneswildner.com\\\/\",\"name\":\"Johannes Wildner - Conductor\",\"description\":\"\",\"potentialAction\":[{\"@type\":\"SearchAction\",\"target\":{\"@type\":\"EntryPoint\",\"urlTemplate\":\"https:\\\/\\\/www.johanneswildner.com\\\/?s={search_term_string}\"},\"query-input\":{\"@type\":\"PropertyValueSpecification\",\"valueRequired\":true,\"valueName\":\"search_term_string\"}}],\"inLanguage\":\"en-US\"},{\"@type\":\"Person\",\"@id\":\"https:\\\/\\\/www.johanneswildner.com\\\/#\\\/schema\\\/person\\\/6b213e6e3d5b0e81bbb44150175c126e\",\"name\":\"Esther Schollum\",\"image\":{\"@type\":\"ImageObject\",\"inLanguage\":\"en-US\",\"@id\":\"https:\\\/\\\/secure.gravatar.com\\\/avatar\\\/b028f1007b3cf8423c5262ce7a23a36fae66ca72fe44c65aaf9e572b185e6ae1?s=96&d=mm&r=g\",\"url\":\"https:\\\/\\\/secure.gravatar.com\\\/avatar\\\/b028f1007b3cf8423c5262ce7a23a36fae66ca72fe44c65aaf9e572b185e6ae1?s=96&d=mm&r=g\",\"contentUrl\":\"https:\\\/\\\/secure.gravatar.com\\\/avatar\\\/b028f1007b3cf8423c5262ce7a23a36fae66ca72fe44c65aaf9e572b185e6ae1?s=96&d=mm&r=g\",\"caption\":\"Esther Schollum\"},\"url\":\"https:\\\/\\\/www.johanneswildner.com\\\/en\\\/author\\\/e_schollum\\\/\"}]}<\/script>\n<!-- \/ Yoast SEO plugin. -->","yoast_head_json":{"title":"Only Mozart: Johannes Wildner in S\u00f8nderborg - Johannes Wildner - Conductor","robots":{"index":"index","follow":"follow","max-snippet":"max-snippet:-1","max-image-preview":"max-image-preview:large","max-video-preview":"max-video-preview:-1"},"canonical":"https:\/\/www.johanneswildner.com\/en\/only-mozart-johannes-wildner-in-sonderborg\/","og_locale":"en_US","og_type":"article","og_title":"Only Mozart: Johannes Wildner in S\u00f8nderborg - Johannes Wildner - Conductor","og_description":"Johannes Wildner, Principal Conductor of the\u00a0S\u00f8nderjylland Symphony Orchestra\u00a0takes his audience from Mozart\u2019s first symphony, via one of his early piano concertos, straight to the \u201cJupiter\u201d symphony, his last. Jasminka Stan\u010dul joins the orchestra as piano soloist. S\u00f8nderjylland Symphony Orchestra Johannes Wildner: conductor Jasminka Stan\u010dul: piano Feb. 24, 25 Wolfgang Amad\u00e9 Mozart: Symphony no. 1 E-flat...","og_url":"https:\/\/www.johanneswildner.com\/en\/only-mozart-johannes-wildner-in-sonderborg\/","og_site_name":"Johannes Wildner - Conductor","article_published_time":"2022-06-20T16:46:42+00:00","article_modified_time":"2022-06-20T16:49:36+00:00","og_image":[{"width":1400,"height":813,"url":"https:\/\/www.johanneswildner.com\/wp-content\/uploads\/2019\/05\/Johannes-Wildner_0612.jpg","type":"image\/jpeg"}],"author":"Esther Schollum","twitter_card":"summary_large_image","twitter_misc":{"Written by":"Esther Schollum","Est. reading time":"1 minute"},"schema":{"@context":"https:\/\/schema.org","@graph":[{"@type":"Article","@id":"https:\/\/www.johanneswildner.com\/en\/only-mozart-johannes-wildner-in-sonderborg\/#article","isPartOf":{"@id":"https:\/\/www.johanneswildner.com\/en\/only-mozart-johannes-wildner-in-sonderborg\/"},"author":{"name":"Esther Schollum","@id":"https:\/\/www.johanneswildner.com\/#\/schema\/person\/6b213e6e3d5b0e81bbb44150175c126e"},"headline":"Only Mozart: Johannes Wildner in S\u00f8nderborg","datePublished":"2022-06-20T16:46:42+00:00","dateModified":"2022-06-20T16:49:36+00:00","mainEntityOfPage":{"@id":"https:\/\/www.johanneswildner.com\/en\/only-mozart-johannes-wildner-in-sonderborg\/"},"wordCount":84,"image":{"@id":"https:\/\/www.johanneswildner.com\/en\/only-mozart-johannes-wildner-in-sonderborg\/#primaryimage"},"thumbnailUrl":"https:\/\/www.johanneswildner.com\/wp-content\/uploads\/2019\/05\/Johannes-Wildner_0612.jpg","inLanguage":"en-US"},{"@type":"WebPage","@id":"https:\/\/www.johanneswildner.com\/en\/only-mozart-johannes-wildner-in-sonderborg\/","url":"https:\/\/www.johanneswildner.com\/en\/only-mozart-johannes-wildner-in-sonderborg\/","name":"Only Mozart: Johannes Wildner in S\u00f8nderborg - Johannes Wildner - Conductor","isPartOf":{"@id":"https:\/\/www.johanneswildner.com\/#website"},"primaryImageOfPage":{"@id":"https:\/\/www.johanneswildner.com\/en\/only-mozart-johannes-wildner-in-sonderborg\/#primaryimage"},"image":{"@id":"https:\/\/www.johanneswildner.com\/en\/only-mozart-johannes-wildner-in-sonderborg\/#primaryimage"},"thumbnailUrl":"https:\/\/www.johanneswildner.com\/wp-content\/uploads\/2019\/05\/Johannes-Wildner_0612.jpg","datePublished":"2022-06-20T16:46:42+00:00","dateModified":"2022-06-20T16:49:36+00:00","author":{"@id":"https:\/\/www.johanneswildner.com\/#\/schema\/person\/6b213e6e3d5b0e81bbb44150175c126e"},"breadcrumb":{"@id":"https:\/\/www.johanneswildner.com\/en\/only-mozart-johannes-wildner-in-sonderborg\/#breadcrumb"},"inLanguage":"en-US","potentialAction":[{"@type":"ReadAction","target":["https:\/\/www.johanneswildner.com\/en\/only-mozart-johannes-wildner-in-sonderborg\/"]}]},{"@type":"ImageObject","inLanguage":"en-US","@id":"https:\/\/www.johanneswildner.com\/en\/only-mozart-johannes-wildner-in-sonderborg\/#primaryimage","url":"https:\/\/www.johanneswildner.com\/wp-content\/uploads\/2019\/05\/Johannes-Wildner_0612.jpg","contentUrl":"https:\/\/www.johanneswildner.com\/wp-content\/uploads\/2019\/05\/Johannes-Wildner_0612.jpg","width":1400,"height":813,"caption":"Photo: Lukas Beck"},{"@type":"BreadcrumbList","@id":"https:\/\/www.johanneswildner.com\/en\/only-mozart-johannes-wildner-in-sonderborg\/#breadcrumb","itemListElement":[{"@type":"ListItem","position":1,"name":"Startseite","item":"https:\/\/www.johanneswildner.com\/en\/"},{"@type":"ListItem","position":2,"name":"Only Mozart: Johannes Wildner in S\u00f8nderborg"}]},{"@type":"WebSite","@id":"https:\/\/www.johanneswildner.com\/#website","url":"https:\/\/www.johanneswildner.com\/","name":"Johannes Wildner - Conductor","description":"","potentialAction":[{"@type":"SearchAction","target":{"@type":"EntryPoint","urlTemplate":"https:\/\/www.johanneswildner.com\/?s={search_term_string}"},"query-input":{"@type":"PropertyValueSpecification","valueRequired":true,"valueName":"search_term_string"}}],"inLanguage":"en-US"},{"@type":"Person","@id":"https:\/\/www.johanneswildner.com\/#\/schema\/person\/6b213e6e3d5b0e81bbb44150175c126e","name":"Esther Schollum","image":{"@type":"ImageObject","inLanguage":"en-US","@id":"https:\/\/secure.gravatar.com\/avatar\/b028f1007b3cf8423c5262ce7a23a36fae66ca72fe44c65aaf9e572b185e6ae1?s=96&d=mm&r=g","url":"https:\/\/secure.gravatar.com\/avatar\/b028f1007b3cf8423c5262ce7a23a36fae66ca72fe44c65aaf9e572b185e6ae1?s=96&d=mm&r=g","contentUrl":"https:\/\/secure.gravatar.com\/avatar\/b028f1007b3cf8423c5262ce7a23a36fae66ca72fe44c65aaf9e572b185e6ae1?s=96&d=mm&r=g","caption":"Esther Schollum"},"url":"https:\/\/www.johanneswildner.com\/en\/author\/e_schollum\/"}]}},"_links":{"self":[{"href":"https:\/\/www.johanneswildner.com\/en\/wp-json\/wp\/v2\/posts\/7337","targetHints":{"allow":["GET"]}}],"collection":[{"href":"https:\/\/www.johanneswildner.com\/en\/wp-json\/wp\/v2\/posts"}],"about":[{"href":"https:\/\/www.johanneswildner.com\/en\/wp-json\/wp\/v2\/types\/post"}],"author":[{"embeddable":true,"href":"https:\/\/www.johanneswildner.com\/en\/wp-json\/wp\/v2\/users\/3"}],"replies":[{"embeddable":true,"href":"https:\/\/www.johanneswildner.com\/en\/wp-json\/wp\/v2\/comments?post=7337"}],"version-history":[{"count":1,"href":"https:\/\/www.johanneswildner.com\/en\/wp-json\/wp\/v2\/posts\/7337\/revisions"}],"predecessor-version":[{"id":7338,"href":"https:\/\/www.johanneswildner.com\/en\/wp-json\/wp\/v2\/posts\/7337\/revisions\/7338"}],"wp:featuredmedia":[{"embeddable":true,"href":"https:\/\/www.johanneswildner.com\/en\/wp-json\/wp\/v2\/media\/6952"}],"wp:attachment":[{"href":"https:\/\/www.johanneswildner.com\/en\/wp-json\/wp\/v2\/media?parent=7337"}],"wp:term":[{"taxonomy":"category","embeddable":true,"href":"https:\/\/www.johanneswildner.com\/en\/wp-json\/wp\/v2\/categories?post=7337"},{"taxonomy":"post_tag","embeddable":true,"href":"https:\/\/www.johanneswildner.com\/en\/wp-json\/wp\/v2\/tags?post=7337"}],"curies":[{"name":"wp","href":"https:\/\/api.w.org\/{rel}","templated":true}]}}