{"id":7551,"date":"2023-09-29T12:25:23","date_gmt":"2023-09-29T10:25:23","guid":{"rendered":"https:\/\/www.johanneswildner.com\/?p=7551"},"modified":"2023-09-29T12:25:23","modified_gmt":"2023-09-29T10:25:23","slug":"johannes-wildner-in-greenland-and-the-faroe-islands","status":"publish","type":"post","link":"https:\/\/www.johanneswildner.com\/en\/johannes-wildner-in-greenland-and-the-faroe-islands\/","title":{"rendered":"Johannes Wildner in Greenland and the Faroe Islands"},"content":{"rendered":"<p align=\"left\">In celebration of its sixtieth anniversary, the\u00a0<a href=\"https:\/\/sdjsymfoni.dk\/concert\/saesonaabning-2023-4-2\/\" target=\"_blank\" rel=\"noopener\"><strong>South Denmark Philharmonic<\/strong><\/a>, under the direction of its chief conductor\u00a0<a href=\"https:\/\/www.estherschollum.at\/artists\/johannes-wildner\/\" target=\"_blank\" rel=\"noopener\"><strong>Johannes Wildner<\/strong><\/a>, embarks on a tour to the autonomous regions of Greenland and the Faroe Islands. The orchestra will perform concerts featuring works by composers such as Ludwig van Beethoven, Carl Nielsen, Anton\u00edn Dvo\u0159\u00e1k, and Lil Lacy who was commissioned to write a piece honoring the occasion.<\/p>\n<p align=\"left\">Concluding his ten-year tenure at Oper Burg Gars, Johannes Wildner will present a\u00a0<a href=\"https:\/\/operburggars.reservix.at\/tickets-schubertiade-wildner-nimmt-abschied-in-gars-am-kamp-festsaal-burg-gars-am-23-9-2023\/e2011977\" target=\"_blank\" rel=\"noopener\"><strong>Schubertiade<\/strong><\/a>\u00a0in the festival hall of Burg Gars, bidding farewell with a chamber music evening alongside friends and companions.<\/p>\n<h2 align=\"left\">South Denmark Philharmonic<\/h2>\n<p align=\"left\"><a href=\"https:\/\/sdjsymfoni.dk\/concert\/saesonaabning-2023-4-2\/\" target=\"_blank\" rel=\"noopener\">Season Opening\u202f\u2014\u2009Sixtieth Anniversary!<\/a><br \/>\nLil Lacy: Overture for the South Denmark Philharmonic (S\u00f8nderborg and Haderslev)<br \/>\nLudwig van Beethoven: Leonore Overture No. 3 op. 72 (T\u00f3rshavn and Nuuk)<br \/>\nCarl Nielsen: Violin Concerto op. 33<br \/>\nAnton\u00edn Dvo\u0159\u00e1k: Symphony No. 9, op. 95, E minor<\/p>\n<p align=\"left\"><a href=\"https:\/\/www.estherschollum.at\/artists\/johannes-wildner\/\" target=\"_blank\" rel=\"noopener\"><strong>Johannes Wildner<\/strong><\/a>: conductor<br \/>\nJosef \u0160pa\u010dek (S\u00f8nderborg and T\u00f3rshavn): violin<br \/>\nNiklas Walentin (Nuuk and Haderslev): violin<\/p>\n<p align=\"left\"><strong>Sep 7<\/strong>, Alsion, S\u00f8nderborg.<br \/>\n<strong>Sep 13<\/strong>, Nordic House, T\u00f3rshavn.<br \/>\n<strong>Sep 18<\/strong>, Katuaq, Nuuk.<br \/>\n<strong>Sep 21<\/strong>, Harmonien, Haderslev<\/p>\n<h2 align=\"left\">Oper Burg Gars<\/h2>\n<p align=\"left\"><a href=\"https:\/\/operburggars.reservix.at\/tickets-schubertiade-wildner-nimmt-abschied-in-gars-am-kamp-festsaal-burg-gars-am-23-9-2023\/e2011977\" target=\"_blank\" rel=\"noopener\">Schubertiade\u202f\u2014\u2009Wildner Bids Farewell<\/a><br \/>\nA chamber music evening with Johannes Wildner and friends<br \/>\n<strong>Sep 23.<\/strong><\/p>\n","protected":false},"excerpt":{"rendered":"<p>In celebration of its sixtieth anniversary, the\u00a0South Denmark Philharmonic, under the direction of its chief conductor\u00a0Johannes Wildner, embarks on a tour to the autonomous regions of Greenland and the Faroe Islands. The orchestra will perform concerts featuring works by composers such as Ludwig van Beethoven, Carl Nielsen, Anton\u00edn Dvo\u0159\u00e1k, and Lil Lacy who was commissioned&#8230;<\/p>\n","protected":false},"author":3,"featured_media":6945,"comment_status":"closed","ping_status":"closed","sticky":false,"template":"","format":"standard","meta":{"footnotes":""},"categories":[15],"tags":[],"class_list":["post-7551","post","type-post","status-publish","format-standard","has-post-thumbnail","hentry","category-uncategorized"],"yoast_head":"<!-- This site is optimized with the Yoast SEO plugin v27.4 - https:\/\/yoast.com\/product\/yoast-seo-wordpress\/ -->\n<title>Johannes Wildner in Greenland and the Faroe Islands - Johannes Wildner - Conductor<\/title>\n<meta name=\"robots\" content=\"index, follow, max-snippet:-1, max-image-preview:large, max-video-preview:-1\" \/>\n<link rel=\"canonical\" href=\"https:\/\/www.johanneswildner.com\/en\/johannes-wildner-in-greenland-and-the-faroe-islands\/\" \/>\n<meta property=\"og:locale\" content=\"en_US\" \/>\n<meta property=\"og:type\" content=\"article\" \/>\n<meta property=\"og:title\" content=\"Johannes Wildner in Greenland and the Faroe Islands - Johannes Wildner - Conductor\" \/>\n<meta property=\"og:description\" content=\"In celebration of its sixtieth anniversary, the\u00a0South Denmark Philharmonic, under the direction of its chief conductor\u00a0Johannes Wildner, embarks on a tour to the autonomous regions of Greenland and the Faroe Islands. The orchestra will perform concerts featuring works by composers such as Ludwig van Beethoven, Carl Nielsen, Anton\u00edn Dvo\u0159\u00e1k, and Lil Lacy who was commissioned...\" \/>\n<meta property=\"og:url\" content=\"https:\/\/www.johanneswildner.com\/en\/johannes-wildner-in-greenland-and-the-faroe-islands\/\" \/>\n<meta property=\"og:site_name\" content=\"Johannes Wildner - Conductor\" \/>\n<meta property=\"article:published_time\" content=\"2023-09-29T10:25:23+00:00\" \/>\n<meta property=\"og:image\" content=\"https:\/\/www.johanneswildner.com\/wp-content\/uploads\/2019\/05\/Johannes-Wildner_0599_2.jpg\" \/>\n\t<meta property=\"og:image:width\" content=\"1000\" \/>\n\t<meta property=\"og:image:height\" content=\"1000\" \/>\n\t<meta property=\"og:image:type\" content=\"image\/jpeg\" \/>\n<meta name=\"author\" content=\"Esther Schollum\" \/>\n<meta name=\"twitter:card\" content=\"summary_large_image\" \/>\n<meta name=\"twitter:label1\" content=\"Written by\" \/>\n\t<meta name=\"twitter:data1\" content=\"Esther Schollum\" \/>\n\t<meta name=\"twitter:label2\" content=\"Est. reading time\" \/>\n\t<meta name=\"twitter:data2\" content=\"2 minutes\" \/>\n<script type=\"application\/ld+json\" class=\"yoast-schema-graph\">{\"@context\":\"https:\\\/\\\/schema.org\",\"@graph\":[{\"@type\":\"Article\",\"@id\":\"https:\\\/\\\/www.johanneswildner.com\\\/en\\\/johannes-wildner-in-greenland-and-the-faroe-islands\\\/#article\",\"isPartOf\":{\"@id\":\"https:\\\/\\\/www.johanneswildner.com\\\/en\\\/johannes-wildner-in-greenland-and-the-faroe-islands\\\/\"},\"author\":{\"name\":\"Esther Schollum\",\"@id\":\"https:\\\/\\\/www.johanneswildner.com\\\/#\\\/schema\\\/person\\\/6b213e6e3d5b0e81bbb44150175c126e\"},\"headline\":\"Johannes Wildner in Greenland and the Faroe Islands\",\"datePublished\":\"2023-09-29T10:25:23+00:00\",\"mainEntityOfPage\":{\"@id\":\"https:\\\/\\\/www.johanneswildner.com\\\/en\\\/johannes-wildner-in-greenland-and-the-faroe-islands\\\/\"},\"wordCount\":200,\"image\":{\"@id\":\"https:\\\/\\\/www.johanneswildner.com\\\/en\\\/johannes-wildner-in-greenland-and-the-faroe-islands\\\/#primaryimage\"},\"thumbnailUrl\":\"https:\\\/\\\/www.johanneswildner.com\\\/wp-content\\\/uploads\\\/2019\\\/05\\\/Johannes-Wildner_0599_2.jpg\",\"inLanguage\":\"en-US\"},{\"@type\":\"WebPage\",\"@id\":\"https:\\\/\\\/www.johanneswildner.com\\\/en\\\/johannes-wildner-in-greenland-and-the-faroe-islands\\\/\",\"url\":\"https:\\\/\\\/www.johanneswildner.com\\\/en\\\/johannes-wildner-in-greenland-and-the-faroe-islands\\\/\",\"name\":\"Johannes Wildner in Greenland and the Faroe Islands - Johannes Wildner - Conductor\",\"isPartOf\":{\"@id\":\"https:\\\/\\\/www.johanneswildner.com\\\/#website\"},\"primaryImageOfPage\":{\"@id\":\"https:\\\/\\\/www.johanneswildner.com\\\/en\\\/johannes-wildner-in-greenland-and-the-faroe-islands\\\/#primaryimage\"},\"image\":{\"@id\":\"https:\\\/\\\/www.johanneswildner.com\\\/en\\\/johannes-wildner-in-greenland-and-the-faroe-islands\\\/#primaryimage\"},\"thumbnailUrl\":\"https:\\\/\\\/www.johanneswildner.com\\\/wp-content\\\/uploads\\\/2019\\\/05\\\/Johannes-Wildner_0599_2.jpg\",\"datePublished\":\"2023-09-29T10:25:23+00:00\",\"author\":{\"@id\":\"https:\\\/\\\/www.johanneswildner.com\\\/#\\\/schema\\\/person\\\/6b213e6e3d5b0e81bbb44150175c126e\"},\"breadcrumb\":{\"@id\":\"https:\\\/\\\/www.johanneswildner.com\\\/en\\\/johannes-wildner-in-greenland-and-the-faroe-islands\\\/#breadcrumb\"},\"inLanguage\":\"en-US\",\"potentialAction\":[{\"@type\":\"ReadAction\",\"target\":[\"https:\\\/\\\/www.johanneswildner.com\\\/en\\\/johannes-wildner-in-greenland-and-the-faroe-islands\\\/\"]}]},{\"@type\":\"ImageObject\",\"inLanguage\":\"en-US\",\"@id\":\"https:\\\/\\\/www.johanneswildner.com\\\/en\\\/johannes-wildner-in-greenland-and-the-faroe-islands\\\/#primaryimage\",\"url\":\"https:\\\/\\\/www.johanneswildner.com\\\/wp-content\\\/uploads\\\/2019\\\/05\\\/Johannes-Wildner_0599_2.jpg\",\"contentUrl\":\"https:\\\/\\\/www.johanneswildner.com\\\/wp-content\\\/uploads\\\/2019\\\/05\\\/Johannes-Wildner_0599_2.jpg\",\"width\":1000,\"height\":1000,\"caption\":\"Photo: Lukas Beck\"},{\"@type\":\"BreadcrumbList\",\"@id\":\"https:\\\/\\\/www.johanneswildner.com\\\/en\\\/johannes-wildner-in-greenland-and-the-faroe-islands\\\/#breadcrumb\",\"itemListElement\":[{\"@type\":\"ListItem\",\"position\":1,\"name\":\"Startseite\",\"item\":\"https:\\\/\\\/www.johanneswildner.com\\\/en\\\/\"},{\"@type\":\"ListItem\",\"position\":2,\"name\":\"Johannes Wildner in Greenland and the Faroe Islands\"}]},{\"@type\":\"WebSite\",\"@id\":\"https:\\\/\\\/www.johanneswildner.com\\\/#website\",\"url\":\"https:\\\/\\\/www.johanneswildner.com\\\/\",\"name\":\"Johannes Wildner - Conductor\",\"description\":\"\",\"potentialAction\":[{\"@type\":\"SearchAction\",\"target\":{\"@type\":\"EntryPoint\",\"urlTemplate\":\"https:\\\/\\\/www.johanneswildner.com\\\/?s={search_term_string}\"},\"query-input\":{\"@type\":\"PropertyValueSpecification\",\"valueRequired\":true,\"valueName\":\"search_term_string\"}}],\"inLanguage\":\"en-US\"},{\"@type\":\"Person\",\"@id\":\"https:\\\/\\\/www.johanneswildner.com\\\/#\\\/schema\\\/person\\\/6b213e6e3d5b0e81bbb44150175c126e\",\"name\":\"Esther Schollum\",\"image\":{\"@type\":\"ImageObject\",\"inLanguage\":\"en-US\",\"@id\":\"https:\\\/\\\/secure.gravatar.com\\\/avatar\\\/b028f1007b3cf8423c5262ce7a23a36fae66ca72fe44c65aaf9e572b185e6ae1?s=96&d=mm&r=g\",\"url\":\"https:\\\/\\\/secure.gravatar.com\\\/avatar\\\/b028f1007b3cf8423c5262ce7a23a36fae66ca72fe44c65aaf9e572b185e6ae1?s=96&d=mm&r=g\",\"contentUrl\":\"https:\\\/\\\/secure.gravatar.com\\\/avatar\\\/b028f1007b3cf8423c5262ce7a23a36fae66ca72fe44c65aaf9e572b185e6ae1?s=96&d=mm&r=g\",\"caption\":\"Esther Schollum\"},\"url\":\"https:\\\/\\\/www.johanneswildner.com\\\/en\\\/author\\\/e_schollum\\\/\"}]}<\/script>\n<!-- \/ Yoast SEO plugin. -->","yoast_head_json":{"title":"Johannes Wildner in Greenland and the Faroe Islands - Johannes Wildner - Conductor","robots":{"index":"index","follow":"follow","max-snippet":"max-snippet:-1","max-image-preview":"max-image-preview:large","max-video-preview":"max-video-preview:-1"},"canonical":"https:\/\/www.johanneswildner.com\/en\/johannes-wildner-in-greenland-and-the-faroe-islands\/","og_locale":"en_US","og_type":"article","og_title":"Johannes Wildner in Greenland and the Faroe Islands - Johannes Wildner - Conductor","og_description":"In celebration of its sixtieth anniversary, the\u00a0South Denmark Philharmonic, under the direction of its chief conductor\u00a0Johannes Wildner, embarks on a tour to the autonomous regions of Greenland and the Faroe Islands. The orchestra will perform concerts featuring works by composers such as Ludwig van Beethoven, Carl Nielsen, Anton\u00edn Dvo\u0159\u00e1k, and Lil Lacy who was commissioned...","og_url":"https:\/\/www.johanneswildner.com\/en\/johannes-wildner-in-greenland-and-the-faroe-islands\/","og_site_name":"Johannes Wildner - Conductor","article_published_time":"2023-09-29T10:25:23+00:00","og_image":[{"width":1000,"height":1000,"url":"https:\/\/www.johanneswildner.com\/wp-content\/uploads\/2019\/05\/Johannes-Wildner_0599_2.jpg","type":"image\/jpeg"}],"author":"Esther Schollum","twitter_card":"summary_large_image","twitter_misc":{"Written by":"Esther Schollum","Est. reading time":"2 minutes"},"schema":{"@context":"https:\/\/schema.org","@graph":[{"@type":"Article","@id":"https:\/\/www.johanneswildner.com\/en\/johannes-wildner-in-greenland-and-the-faroe-islands\/#article","isPartOf":{"@id":"https:\/\/www.johanneswildner.com\/en\/johannes-wildner-in-greenland-and-the-faroe-islands\/"},"author":{"name":"Esther Schollum","@id":"https:\/\/www.johanneswildner.com\/#\/schema\/person\/6b213e6e3d5b0e81bbb44150175c126e"},"headline":"Johannes Wildner in Greenland and the Faroe Islands","datePublished":"2023-09-29T10:25:23+00:00","mainEntityOfPage":{"@id":"https:\/\/www.johanneswildner.com\/en\/johannes-wildner-in-greenland-and-the-faroe-islands\/"},"wordCount":200,"image":{"@id":"https:\/\/www.johanneswildner.com\/en\/johannes-wildner-in-greenland-and-the-faroe-islands\/#primaryimage"},"thumbnailUrl":"https:\/\/www.johanneswildner.com\/wp-content\/uploads\/2019\/05\/Johannes-Wildner_0599_2.jpg","inLanguage":"en-US"},{"@type":"WebPage","@id":"https:\/\/www.johanneswildner.com\/en\/johannes-wildner-in-greenland-and-the-faroe-islands\/","url":"https:\/\/www.johanneswildner.com\/en\/johannes-wildner-in-greenland-and-the-faroe-islands\/","name":"Johannes Wildner in Greenland and the Faroe Islands - Johannes Wildner - Conductor","isPartOf":{"@id":"https:\/\/www.johanneswildner.com\/#website"},"primaryImageOfPage":{"@id":"https:\/\/www.johanneswildner.com\/en\/johannes-wildner-in-greenland-and-the-faroe-islands\/#primaryimage"},"image":{"@id":"https:\/\/www.johanneswildner.com\/en\/johannes-wildner-in-greenland-and-the-faroe-islands\/#primaryimage"},"thumbnailUrl":"https:\/\/www.johanneswildner.com\/wp-content\/uploads\/2019\/05\/Johannes-Wildner_0599_2.jpg","datePublished":"2023-09-29T10:25:23+00:00","author":{"@id":"https:\/\/www.johanneswildner.com\/#\/schema\/person\/6b213e6e3d5b0e81bbb44150175c126e"},"breadcrumb":{"@id":"https:\/\/www.johanneswildner.com\/en\/johannes-wildner-in-greenland-and-the-faroe-islands\/#breadcrumb"},"inLanguage":"en-US","potentialAction":[{"@type":"ReadAction","target":["https:\/\/www.johanneswildner.com\/en\/johannes-wildner-in-greenland-and-the-faroe-islands\/"]}]},{"@type":"ImageObject","inLanguage":"en-US","@id":"https:\/\/www.johanneswildner.com\/en\/johannes-wildner-in-greenland-and-the-faroe-islands\/#primaryimage","url":"https:\/\/www.johanneswildner.com\/wp-content\/uploads\/2019\/05\/Johannes-Wildner_0599_2.jpg","contentUrl":"https:\/\/www.johanneswildner.com\/wp-content\/uploads\/2019\/05\/Johannes-Wildner_0599_2.jpg","width":1000,"height":1000,"caption":"Photo: Lukas Beck"},{"@type":"BreadcrumbList","@id":"https:\/\/www.johanneswildner.com\/en\/johannes-wildner-in-greenland-and-the-faroe-islands\/#breadcrumb","itemListElement":[{"@type":"ListItem","position":1,"name":"Startseite","item":"https:\/\/www.johanneswildner.com\/en\/"},{"@type":"ListItem","position":2,"name":"Johannes Wildner in Greenland and the Faroe Islands"}]},{"@type":"WebSite","@id":"https:\/\/www.johanneswildner.com\/#website","url":"https:\/\/www.johanneswildner.com\/","name":"Johannes Wildner - Conductor","description":"","potentialAction":[{"@type":"SearchAction","target":{"@type":"EntryPoint","urlTemplate":"https:\/\/www.johanneswildner.com\/?s={search_term_string}"},"query-input":{"@type":"PropertyValueSpecification","valueRequired":true,"valueName":"search_term_string"}}],"inLanguage":"en-US"},{"@type":"Person","@id":"https:\/\/www.johanneswildner.com\/#\/schema\/person\/6b213e6e3d5b0e81bbb44150175c126e","name":"Esther Schollum","image":{"@type":"ImageObject","inLanguage":"en-US","@id":"https:\/\/secure.gravatar.com\/avatar\/b028f1007b3cf8423c5262ce7a23a36fae66ca72fe44c65aaf9e572b185e6ae1?s=96&d=mm&r=g","url":"https:\/\/secure.gravatar.com\/avatar\/b028f1007b3cf8423c5262ce7a23a36fae66ca72fe44c65aaf9e572b185e6ae1?s=96&d=mm&r=g","contentUrl":"https:\/\/secure.gravatar.com\/avatar\/b028f1007b3cf8423c5262ce7a23a36fae66ca72fe44c65aaf9e572b185e6ae1?s=96&d=mm&r=g","caption":"Esther Schollum"},"url":"https:\/\/www.johanneswildner.com\/en\/author\/e_schollum\/"}]}},"_links":{"self":[{"href":"https:\/\/www.johanneswildner.com\/en\/wp-json\/wp\/v2\/posts\/7551","targetHints":{"allow":["GET"]}}],"collection":[{"href":"https:\/\/www.johanneswildner.com\/en\/wp-json\/wp\/v2\/posts"}],"about":[{"href":"https:\/\/www.johanneswildner.com\/en\/wp-json\/wp\/v2\/types\/post"}],"author":[{"embeddable":true,"href":"https:\/\/www.johanneswildner.com\/en\/wp-json\/wp\/v2\/users\/3"}],"replies":[{"embeddable":true,"href":"https:\/\/www.johanneswildner.com\/en\/wp-json\/wp\/v2\/comments?post=7551"}],"version-history":[{"count":1,"href":"https:\/\/www.johanneswildner.com\/en\/wp-json\/wp\/v2\/posts\/7551\/revisions"}],"predecessor-version":[{"id":7552,"href":"https:\/\/www.johanneswildner.com\/en\/wp-json\/wp\/v2\/posts\/7551\/revisions\/7552"}],"wp:featuredmedia":[{"embeddable":true,"href":"https:\/\/www.johanneswildner.com\/en\/wp-json\/wp\/v2\/media\/6945"}],"wp:attachment":[{"href":"https:\/\/www.johanneswildner.com\/en\/wp-json\/wp\/v2\/media?parent=7551"}],"wp:term":[{"taxonomy":"category","embeddable":true,"href":"https:\/\/www.johanneswildner.com\/en\/wp-json\/wp\/v2\/categories?post=7551"},{"taxonomy":"post_tag","embeddable":true,"href":"https:\/\/www.johanneswildner.com\/en\/wp-json\/wp\/v2\/tags?post=7551"}],"curies":[{"name":"wp","href":"https:\/\/api.w.org\/{rel}","templated":true}]}}