{"id":7560,"date":"2023-11-05T13:26:47","date_gmt":"2023-11-05T12:26:47","guid":{"rendered":"https:\/\/www.johanneswildner.com\/?p=7560"},"modified":"2023-11-05T13:35:40","modified_gmt":"2023-11-05T12:35:40","slug":"johannes-wildner-in-sonderborg-and-katowice","status":"publish","type":"post","link":"https:\/\/www.johanneswildner.com\/en\/johannes-wildner-in-sonderborg-and-katowice\/","title":{"rendered":"Johannes Wildner in S\u00f8nderborg and Katowice"},"content":{"rendered":"<p align=\"left\">After the\u00a0<a href=\"https:\/\/sdjsymfoni.dk\/concert\/mesterfortaellinger\/\" target=\"_blank\" rel=\"noopener\">South Danish Symphony\u2019s (S\u00f8nderjyllands Symfoniorkester)<\/a>\u00a0successful performance in September with Dvo\u0159\u00e1k\u2019s Symphony No. 9 under their chief conductor\u00a0<a href=\"https:\/\/www.estherschollum.at\/artists\/johannes-wildner\/\" target=\"_blank\" rel=\"noopener\"><strong>Johannes Wildner<\/strong><\/a>\u00a0in the Faroe Islands and Greenland, the orchestra will be performing Dvo\u0159\u00e1k\u2019s Symphony No. 8 and Brahms\u2019 Piano Concerto No. 2 with soloist Gottlieb Wallisch.<\/p>\n<p align=\"left\">Then, Johannes Wildner travels to Poland to serve as a jury member at the 11th edition of the prestigious\u00a0<a href=\"https:\/\/fitelbergcompetition.com\/\" target=\"_blank\" rel=\"noopener\">Grzegorz Fitelberg Conductor Competition<\/a>.<\/p>\n<h2 align=\"left\">Music and Theater House Aabenraa<\/h2>\n<p align=\"left\"><strong>South Danish Symphony\u202f\u2014\u2009S\u00f8nderjyllands Symfoniorkester<\/strong><br \/>\n<a href=\"https:\/\/sdjsymfoni.dk\/concert\/mesterfortaellinger\/\" target=\"_blank\" rel=\"noopener\">Johannes Brahms: Piano Concerto No. 2, Op. 83<br \/>\nAnton\u00edn Dvo\u0159\u00e1k: Symphony No. 8, Op. 88<\/a><br \/>\n<a href=\"https:\/\/www.estherschollum.at\/artists\/johannes-wildner\/\" target=\"_blank\" rel=\"noopener\">Johannes Wildner<\/a>: Conductor<br \/>\nGottlieb Wallisch: Piano<br \/>\n<strong>November 10.<\/strong><\/p>\n<p align=\"left\"><a href=\"https:\/\/fitelbergcompetition.com\/\" target=\"_blank\" rel=\"noopener\">The 11th Grzegorz Fitelberg International Competition for Conductors<\/a><br \/>\n<a href=\"https:\/\/www.estherschollum.at\/artists\/johannes-wildner\/\" target=\"_blank\" rel=\"noopener\">Johannes Wildner<\/a>: Jury Member<br \/>\n<strong>November 17\u201327.<\/strong><\/p>\n","protected":false},"excerpt":{"rendered":"<p>After the\u00a0South Danish Symphony\u2019s (S\u00f8nderjyllands Symfoniorkester)\u00a0successful performance in September with Dvo\u0159\u00e1k\u2019s Symphony No. 9 under their chief conductor\u00a0Johannes Wildner\u00a0in the Faroe Islands and Greenland, the orchestra will be performing Dvo\u0159\u00e1k\u2019s Symphony No. 8 and Brahms\u2019 Piano Concerto No. 2 with soloist Gottlieb Wallisch. Then, Johannes Wildner travels to Poland to serve as a jury member&#8230;<\/p>\n","protected":false},"author":3,"featured_media":6952,"comment_status":"closed","ping_status":"closed","sticky":false,"template":"","format":"standard","meta":{"footnotes":""},"categories":[15],"tags":[41,55,53,56,54,57],"class_list":["post-7560","post","type-post","status-publish","format-standard","has-post-thumbnail","hentry","category-uncategorized","tag-alsion","tag-brahms-2","tag-concuctor","tag-dvorak","tag-johannes-wildner","tag-sonderborg-2"],"yoast_head":"<!-- This site is optimized with the Yoast SEO plugin v27.4 - https:\/\/yoast.com\/product\/yoast-seo-wordpress\/ -->\n<title>Johannes Wildner in S\u00f8nderborg and Katowice - Johannes Wildner - Conductor<\/title>\n<meta name=\"description\" content=\"The Austrian Conductor Johannes Wildner returns to the South Denmark Philharmonic and will be part of the jury of the Fitelberg competition\" \/>\n<meta name=\"robots\" content=\"index, follow, max-snippet:-1, max-image-preview:large, max-video-preview:-1\" \/>\n<link rel=\"canonical\" href=\"https:\/\/www.johanneswildner.com\/en\/johannes-wildner-in-sonderborg-and-katowice\/\" \/>\n<meta property=\"og:locale\" content=\"en_US\" \/>\n<meta property=\"og:type\" content=\"article\" \/>\n<meta property=\"og:title\" content=\"Johannes Wildner in S\u00f8nderborg and Katowice - Johannes Wildner - Conductor\" \/>\n<meta property=\"og:description\" content=\"The Austrian Conductor Johannes Wildner returns to the South Denmark Philharmonic and will be part of the jury of the Fitelberg competition\" \/>\n<meta property=\"og:url\" content=\"https:\/\/www.johanneswildner.com\/en\/johannes-wildner-in-sonderborg-and-katowice\/\" \/>\n<meta property=\"og:site_name\" content=\"Johannes Wildner - Conductor\" \/>\n<meta property=\"article:published_time\" content=\"2023-11-05T12:26:47+00:00\" \/>\n<meta property=\"article:modified_time\" content=\"2023-11-05T12:35:40+00:00\" \/>\n<meta property=\"og:image\" content=\"https:\/\/www.johanneswildner.com\/wp-content\/uploads\/2019\/05\/Johannes-Wildner_0612.jpg\" \/>\n\t<meta property=\"og:image:width\" content=\"1400\" \/>\n\t<meta property=\"og:image:height\" content=\"813\" \/>\n\t<meta property=\"og:image:type\" content=\"image\/jpeg\" \/>\n<meta name=\"author\" content=\"Esther Schollum\" \/>\n<meta name=\"twitter:card\" content=\"summary_large_image\" \/>\n<meta name=\"twitter:label1\" content=\"Written by\" \/>\n\t<meta name=\"twitter:data1\" content=\"Esther Schollum\" \/>\n\t<meta name=\"twitter:label2\" content=\"Est. reading time\" \/>\n\t<meta name=\"twitter:data2\" content=\"1 minute\" \/>\n<script type=\"application\/ld+json\" class=\"yoast-schema-graph\">{\"@context\":\"https:\\\/\\\/schema.org\",\"@graph\":[{\"@type\":\"Article\",\"@id\":\"https:\\\/\\\/www.johanneswildner.com\\\/en\\\/johannes-wildner-in-sonderborg-and-katowice\\\/#article\",\"isPartOf\":{\"@id\":\"https:\\\/\\\/www.johanneswildner.com\\\/en\\\/johannes-wildner-in-sonderborg-and-katowice\\\/\"},\"author\":{\"name\":\"Esther Schollum\",\"@id\":\"https:\\\/\\\/www.johanneswildner.com\\\/#\\\/schema\\\/person\\\/6b213e6e3d5b0e81bbb44150175c126e\"},\"headline\":\"Johannes Wildner in S\u00f8nderborg and Katowice\",\"datePublished\":\"2023-11-05T12:26:47+00:00\",\"dateModified\":\"2023-11-05T12:35:40+00:00\",\"mainEntityOfPage\":{\"@id\":\"https:\\\/\\\/www.johanneswildner.com\\\/en\\\/johannes-wildner-in-sonderborg-and-katowice\\\/\"},\"wordCount\":124,\"image\":{\"@id\":\"https:\\\/\\\/www.johanneswildner.com\\\/en\\\/johannes-wildner-in-sonderborg-and-katowice\\\/#primaryimage\"},\"thumbnailUrl\":\"https:\\\/\\\/www.johanneswildner.com\\\/wp-content\\\/uploads\\\/2019\\\/05\\\/Johannes-Wildner_0612.jpg\",\"keywords\":[\"Alsion\",\"Brahms\",\"concuctor\",\"Dvorak\",\"Johannes Wildner\",\"Sonderborg\"],\"inLanguage\":\"en-US\"},{\"@type\":\"WebPage\",\"@id\":\"https:\\\/\\\/www.johanneswildner.com\\\/en\\\/johannes-wildner-in-sonderborg-and-katowice\\\/\",\"url\":\"https:\\\/\\\/www.johanneswildner.com\\\/en\\\/johannes-wildner-in-sonderborg-and-katowice\\\/\",\"name\":\"Johannes Wildner in S\u00f8nderborg and Katowice - Johannes Wildner - Conductor\",\"isPartOf\":{\"@id\":\"https:\\\/\\\/www.johanneswildner.com\\\/#website\"},\"primaryImageOfPage\":{\"@id\":\"https:\\\/\\\/www.johanneswildner.com\\\/en\\\/johannes-wildner-in-sonderborg-and-katowice\\\/#primaryimage\"},\"image\":{\"@id\":\"https:\\\/\\\/www.johanneswildner.com\\\/en\\\/johannes-wildner-in-sonderborg-and-katowice\\\/#primaryimage\"},\"thumbnailUrl\":\"https:\\\/\\\/www.johanneswildner.com\\\/wp-content\\\/uploads\\\/2019\\\/05\\\/Johannes-Wildner_0612.jpg\",\"datePublished\":\"2023-11-05T12:26:47+00:00\",\"dateModified\":\"2023-11-05T12:35:40+00:00\",\"author\":{\"@id\":\"https:\\\/\\\/www.johanneswildner.com\\\/#\\\/schema\\\/person\\\/6b213e6e3d5b0e81bbb44150175c126e\"},\"description\":\"The Austrian Conductor Johannes Wildner returns to the South Denmark Philharmonic and will be part of the jury of the Fitelberg competition\",\"breadcrumb\":{\"@id\":\"https:\\\/\\\/www.johanneswildner.com\\\/en\\\/johannes-wildner-in-sonderborg-and-katowice\\\/#breadcrumb\"},\"inLanguage\":\"en-US\",\"potentialAction\":[{\"@type\":\"ReadAction\",\"target\":[\"https:\\\/\\\/www.johanneswildner.com\\\/en\\\/johannes-wildner-in-sonderborg-and-katowice\\\/\"]}]},{\"@type\":\"ImageObject\",\"inLanguage\":\"en-US\",\"@id\":\"https:\\\/\\\/www.johanneswildner.com\\\/en\\\/johannes-wildner-in-sonderborg-and-katowice\\\/#primaryimage\",\"url\":\"https:\\\/\\\/www.johanneswildner.com\\\/wp-content\\\/uploads\\\/2019\\\/05\\\/Johannes-Wildner_0612.jpg\",\"contentUrl\":\"https:\\\/\\\/www.johanneswildner.com\\\/wp-content\\\/uploads\\\/2019\\\/05\\\/Johannes-Wildner_0612.jpg\",\"width\":1400,\"height\":813,\"caption\":\"Photo: Lukas Beck\"},{\"@type\":\"BreadcrumbList\",\"@id\":\"https:\\\/\\\/www.johanneswildner.com\\\/en\\\/johannes-wildner-in-sonderborg-and-katowice\\\/#breadcrumb\",\"itemListElement\":[{\"@type\":\"ListItem\",\"position\":1,\"name\":\"Startseite\",\"item\":\"https:\\\/\\\/www.johanneswildner.com\\\/en\\\/\"},{\"@type\":\"ListItem\",\"position\":2,\"name\":\"Johannes Wildner in S\u00f8nderborg and Katowice\"}]},{\"@type\":\"WebSite\",\"@id\":\"https:\\\/\\\/www.johanneswildner.com\\\/#website\",\"url\":\"https:\\\/\\\/www.johanneswildner.com\\\/\",\"name\":\"Johannes Wildner - Conductor\",\"description\":\"\",\"potentialAction\":[{\"@type\":\"SearchAction\",\"target\":{\"@type\":\"EntryPoint\",\"urlTemplate\":\"https:\\\/\\\/www.johanneswildner.com\\\/?s={search_term_string}\"},\"query-input\":{\"@type\":\"PropertyValueSpecification\",\"valueRequired\":true,\"valueName\":\"search_term_string\"}}],\"inLanguage\":\"en-US\"},{\"@type\":\"Person\",\"@id\":\"https:\\\/\\\/www.johanneswildner.com\\\/#\\\/schema\\\/person\\\/6b213e6e3d5b0e81bbb44150175c126e\",\"name\":\"Esther Schollum\",\"image\":{\"@type\":\"ImageObject\",\"inLanguage\":\"en-US\",\"@id\":\"https:\\\/\\\/secure.gravatar.com\\\/avatar\\\/b028f1007b3cf8423c5262ce7a23a36fae66ca72fe44c65aaf9e572b185e6ae1?s=96&d=mm&r=g\",\"url\":\"https:\\\/\\\/secure.gravatar.com\\\/avatar\\\/b028f1007b3cf8423c5262ce7a23a36fae66ca72fe44c65aaf9e572b185e6ae1?s=96&d=mm&r=g\",\"contentUrl\":\"https:\\\/\\\/secure.gravatar.com\\\/avatar\\\/b028f1007b3cf8423c5262ce7a23a36fae66ca72fe44c65aaf9e572b185e6ae1?s=96&d=mm&r=g\",\"caption\":\"Esther Schollum\"},\"url\":\"https:\\\/\\\/www.johanneswildner.com\\\/en\\\/author\\\/e_schollum\\\/\"}]}<\/script>\n<!-- \/ Yoast SEO plugin. -->","yoast_head_json":{"title":"Johannes Wildner in S\u00f8nderborg and Katowice - Johannes Wildner - Conductor","description":"The Austrian Conductor Johannes Wildner returns to the South Denmark Philharmonic and will be part of the jury of the Fitelberg competition","robots":{"index":"index","follow":"follow","max-snippet":"max-snippet:-1","max-image-preview":"max-image-preview:large","max-video-preview":"max-video-preview:-1"},"canonical":"https:\/\/www.johanneswildner.com\/en\/johannes-wildner-in-sonderborg-and-katowice\/","og_locale":"en_US","og_type":"article","og_title":"Johannes Wildner in S\u00f8nderborg and Katowice - Johannes Wildner - Conductor","og_description":"The Austrian Conductor Johannes Wildner returns to the South Denmark Philharmonic and will be part of the jury of the Fitelberg competition","og_url":"https:\/\/www.johanneswildner.com\/en\/johannes-wildner-in-sonderborg-and-katowice\/","og_site_name":"Johannes Wildner - Conductor","article_published_time":"2023-11-05T12:26:47+00:00","article_modified_time":"2023-11-05T12:35:40+00:00","og_image":[{"width":1400,"height":813,"url":"https:\/\/www.johanneswildner.com\/wp-content\/uploads\/2019\/05\/Johannes-Wildner_0612.jpg","type":"image\/jpeg"}],"author":"Esther Schollum","twitter_card":"summary_large_image","twitter_misc":{"Written by":"Esther Schollum","Est. reading time":"1 minute"},"schema":{"@context":"https:\/\/schema.org","@graph":[{"@type":"Article","@id":"https:\/\/www.johanneswildner.com\/en\/johannes-wildner-in-sonderborg-and-katowice\/#article","isPartOf":{"@id":"https:\/\/www.johanneswildner.com\/en\/johannes-wildner-in-sonderborg-and-katowice\/"},"author":{"name":"Esther Schollum","@id":"https:\/\/www.johanneswildner.com\/#\/schema\/person\/6b213e6e3d5b0e81bbb44150175c126e"},"headline":"Johannes Wildner in S\u00f8nderborg and Katowice","datePublished":"2023-11-05T12:26:47+00:00","dateModified":"2023-11-05T12:35:40+00:00","mainEntityOfPage":{"@id":"https:\/\/www.johanneswildner.com\/en\/johannes-wildner-in-sonderborg-and-katowice\/"},"wordCount":124,"image":{"@id":"https:\/\/www.johanneswildner.com\/en\/johannes-wildner-in-sonderborg-and-katowice\/#primaryimage"},"thumbnailUrl":"https:\/\/www.johanneswildner.com\/wp-content\/uploads\/2019\/05\/Johannes-Wildner_0612.jpg","keywords":["Alsion","Brahms","concuctor","Dvorak","Johannes Wildner","Sonderborg"],"inLanguage":"en-US"},{"@type":"WebPage","@id":"https:\/\/www.johanneswildner.com\/en\/johannes-wildner-in-sonderborg-and-katowice\/","url":"https:\/\/www.johanneswildner.com\/en\/johannes-wildner-in-sonderborg-and-katowice\/","name":"Johannes Wildner in S\u00f8nderborg and Katowice - Johannes Wildner - Conductor","isPartOf":{"@id":"https:\/\/www.johanneswildner.com\/#website"},"primaryImageOfPage":{"@id":"https:\/\/www.johanneswildner.com\/en\/johannes-wildner-in-sonderborg-and-katowice\/#primaryimage"},"image":{"@id":"https:\/\/www.johanneswildner.com\/en\/johannes-wildner-in-sonderborg-and-katowice\/#primaryimage"},"thumbnailUrl":"https:\/\/www.johanneswildner.com\/wp-content\/uploads\/2019\/05\/Johannes-Wildner_0612.jpg","datePublished":"2023-11-05T12:26:47+00:00","dateModified":"2023-11-05T12:35:40+00:00","author":{"@id":"https:\/\/www.johanneswildner.com\/#\/schema\/person\/6b213e6e3d5b0e81bbb44150175c126e"},"description":"The Austrian Conductor Johannes Wildner returns to the South Denmark Philharmonic and will be part of the jury of the Fitelberg competition","breadcrumb":{"@id":"https:\/\/www.johanneswildner.com\/en\/johannes-wildner-in-sonderborg-and-katowice\/#breadcrumb"},"inLanguage":"en-US","potentialAction":[{"@type":"ReadAction","target":["https:\/\/www.johanneswildner.com\/en\/johannes-wildner-in-sonderborg-and-katowice\/"]}]},{"@type":"ImageObject","inLanguage":"en-US","@id":"https:\/\/www.johanneswildner.com\/en\/johannes-wildner-in-sonderborg-and-katowice\/#primaryimage","url":"https:\/\/www.johanneswildner.com\/wp-content\/uploads\/2019\/05\/Johannes-Wildner_0612.jpg","contentUrl":"https:\/\/www.johanneswildner.com\/wp-content\/uploads\/2019\/05\/Johannes-Wildner_0612.jpg","width":1400,"height":813,"caption":"Photo: Lukas Beck"},{"@type":"BreadcrumbList","@id":"https:\/\/www.johanneswildner.com\/en\/johannes-wildner-in-sonderborg-and-katowice\/#breadcrumb","itemListElement":[{"@type":"ListItem","position":1,"name":"Startseite","item":"https:\/\/www.johanneswildner.com\/en\/"},{"@type":"ListItem","position":2,"name":"Johannes Wildner in S\u00f8nderborg and Katowice"}]},{"@type":"WebSite","@id":"https:\/\/www.johanneswildner.com\/#website","url":"https:\/\/www.johanneswildner.com\/","name":"Johannes Wildner - Conductor","description":"","potentialAction":[{"@type":"SearchAction","target":{"@type":"EntryPoint","urlTemplate":"https:\/\/www.johanneswildner.com\/?s={search_term_string}"},"query-input":{"@type":"PropertyValueSpecification","valueRequired":true,"valueName":"search_term_string"}}],"inLanguage":"en-US"},{"@type":"Person","@id":"https:\/\/www.johanneswildner.com\/#\/schema\/person\/6b213e6e3d5b0e81bbb44150175c126e","name":"Esther Schollum","image":{"@type":"ImageObject","inLanguage":"en-US","@id":"https:\/\/secure.gravatar.com\/avatar\/b028f1007b3cf8423c5262ce7a23a36fae66ca72fe44c65aaf9e572b185e6ae1?s=96&d=mm&r=g","url":"https:\/\/secure.gravatar.com\/avatar\/b028f1007b3cf8423c5262ce7a23a36fae66ca72fe44c65aaf9e572b185e6ae1?s=96&d=mm&r=g","contentUrl":"https:\/\/secure.gravatar.com\/avatar\/b028f1007b3cf8423c5262ce7a23a36fae66ca72fe44c65aaf9e572b185e6ae1?s=96&d=mm&r=g","caption":"Esther Schollum"},"url":"https:\/\/www.johanneswildner.com\/en\/author\/e_schollum\/"}]}},"_links":{"self":[{"href":"https:\/\/www.johanneswildner.com\/en\/wp-json\/wp\/v2\/posts\/7560","targetHints":{"allow":["GET"]}}],"collection":[{"href":"https:\/\/www.johanneswildner.com\/en\/wp-json\/wp\/v2\/posts"}],"about":[{"href":"https:\/\/www.johanneswildner.com\/en\/wp-json\/wp\/v2\/types\/post"}],"author":[{"embeddable":true,"href":"https:\/\/www.johanneswildner.com\/en\/wp-json\/wp\/v2\/users\/3"}],"replies":[{"embeddable":true,"href":"https:\/\/www.johanneswildner.com\/en\/wp-json\/wp\/v2\/comments?post=7560"}],"version-history":[{"count":1,"href":"https:\/\/www.johanneswildner.com\/en\/wp-json\/wp\/v2\/posts\/7560\/revisions"}],"predecessor-version":[{"id":7561,"href":"https:\/\/www.johanneswildner.com\/en\/wp-json\/wp\/v2\/posts\/7560\/revisions\/7561"}],"wp:featuredmedia":[{"embeddable":true,"href":"https:\/\/www.johanneswildner.com\/en\/wp-json\/wp\/v2\/media\/6952"}],"wp:attachment":[{"href":"https:\/\/www.johanneswildner.com\/en\/wp-json\/wp\/v2\/media?parent=7560"}],"wp:term":[{"taxonomy":"category","embeddable":true,"href":"https:\/\/www.johanneswildner.com\/en\/wp-json\/wp\/v2\/categories?post=7560"},{"taxonomy":"post_tag","embeddable":true,"href":"https:\/\/www.johanneswildner.com\/en\/wp-json\/wp\/v2\/tags?post=7560"}],"curies":[{"name":"wp","href":"https:\/\/api.w.org\/{rel}","templated":true}]}}